{"id":35737,"date":"2025-04-30T16:54:20","date_gmt":"2025-04-30T15:54:20","guid":{"rendered":"https:\/\/jensgustafsson.se\/?p=35737"},"modified":"2025-04-30T16:54:20","modified_gmt":"2025-04-30T15:54:20","slug":"onsdag-valborgsmassoafton-30-april-2025","status":"publish","type":"post","link":"https:\/\/jensgustafsson.se\/?p=35737","title":{"rendered":"Onsdag (valborgsm\u00e4ssoafton) 30 april 2025."},"content":{"rendered":"\n<p class=\"has-medium-font-size\"><em>Den sista dagen i april blev en dag med v\u00e4xlande molnighet, men solen har haft den dominerande rollen.<\/em><\/p>\n\n\n\n<p class=\"has-medium-font-size\"><em>Den l\u00e4gsta temperaturen blev +7,6 grader<\/em> och den h\u00f6gsta blev +18,1 grader.<\/p>\n\n\n\n<p class=\"has-medium-font-size\"><em>Vinden har varit frisk, och vindriktningen har pendlat mellan v\u00e4st och nordv\u00e4st.<\/em><\/p>\n\n\n\n<figure class=\"wp-block-image size-large\"><img loading=\"lazy\" decoding=\"async\" width=\"1024\" height=\"671\" src=\"https:\/\/media1.jensgustafsson.se\/2025\/04\/30-april-2025-1-1-1024x671.jpg\" alt=\"\" class=\"wp-image-35740\" srcset=\"https:\/\/media1.jensgustafsson.se\/2025\/04\/30-april-2025-1-1-1024x671.jpg 1024w, https:\/\/media1.jensgustafsson.se\/2025\/04\/30-april-2025-1-1-300x197.jpg 300w, https:\/\/media1.jensgustafsson.se\/2025\/04\/30-april-2025-1-1-768x503.jpg 768w, https:\/\/media1.jensgustafsson.se\/2025\/04\/30-april-2025-1-1-1536x1007.jpg 1536w, https:\/\/media1.jensgustafsson.se\/2025\/04\/30-april-2025-1-1-458x300.jpg 458w, https:\/\/media1.jensgustafsson.se\/2025\/04\/30-april-2025-1-1.jpg 1886w\" sizes=\"auto, (max-width: 1024px) 100vw, 1024px\" \/><figcaption class=\"wp-element-caption\"><strong><em>Vid Sarveg\u00f6l i eftermiddag.<\/em><\/strong><\/figcaption><\/figure>\n\n\n\n<p class=\"has-medium-font-size\"><em>En sammanfattning fr\u00e5n min v\u00e4derstation, f\u00f6r de senaste 24 timmarna:<\/em><\/p>\n\n\n\n<p class=\"has-medium-font-size\"><strong>20250430 kl. 18.00<br \/>Min. temp: 7,6 \u00b0C<br \/>Max. temp: 18,1 \u00b0C<br \/>Min. lufttryck: 1013,5 hPa<br \/>Max. lufttryck: 1016,6 hPa<br \/>Min.luftfuktigh. 31 %<br \/>Max.luftfuktigh. 72 %<br \/>Domin. vindriktn.: V\u00e4stlig<br \/>Maxvind: 9 m\/s.<br \/>Nederb\u00f6rd: 0 mm<br \/>Meteorologisk \u00e5rstid: Sommar<br \/>Kalendarisk \u00e5rstid: V\u00e5rm\u00e5nad 2 av 3<\/strong><\/p>\n\n\n\n<figure class=\"wp-block-image size-large\"><img loading=\"lazy\" decoding=\"async\" width=\"1024\" height=\"463\" src=\"https:\/\/media1.jensgustafsson.se\/2025\/04\/image-61-1024x463.png\" alt=\"\" class=\"wp-image-35742\" srcset=\"https:\/\/media1.jensgustafsson.se\/2025\/04\/image-61-1024x463.png 1024w, https:\/\/media1.jensgustafsson.se\/2025\/04\/image-61-300x136.png 300w, https:\/\/media1.jensgustafsson.se\/2025\/04\/image-61-768x348.png 768w, https:\/\/media1.jensgustafsson.se\/2025\/04\/image-61-1536x695.png 1536w, https:\/\/media1.jensgustafsson.se\/2025\/04\/image-61-500x226.png 500w, https:\/\/media1.jensgustafsson.se\/2025\/04\/image-61.png 1843w\" sizes=\"auto, (max-width: 1024px) 100vw, 1024px\" \/><figcaption class=\"wp-element-caption\"><strong><em>M\u00e5nadens medeltemperatur \u00e4r t.o.m. idag 2,6 grader varmare\u00a0 j\u00e4mf\u00f6rt mot den normala.<\/em><\/strong><\/figcaption><\/figure>\n\n\n\n<figure class=\"wp-block-image size-large\"><img loading=\"lazy\" decoding=\"async\" width=\"1024\" height=\"537\" src=\"https:\/\/media1.jensgustafsson.se\/2025\/04\/image-62-1024x537.png\" alt=\"\" class=\"wp-image-35743\" srcset=\"https:\/\/media1.jensgustafsson.se\/2025\/04\/image-62-1024x537.png 1024w, https:\/\/media1.jensgustafsson.se\/2025\/04\/image-62-300x157.png 300w, https:\/\/media1.jensgustafsson.se\/2025\/04\/image-62-768x403.png 768w, https:\/\/media1.jensgustafsson.se\/2025\/04\/image-62-500x262.png 500w, https:\/\/media1.jensgustafsson.se\/2025\/04\/image-62.png 1485w\" sizes=\"auto, (max-width: 1024px) 100vw, 1024px\" \/><figcaption class=\"wp-element-caption\"><strong><em>M\u00e5nadens nederb\u00f6rd \u00e4r t.o.m. idag 14 % av den normala.<\/em><\/strong><\/figcaption><\/figure>\n","protected":false},"excerpt":{"rendered":"<p>Den sista dagen i april blev en dag med v\u00e4xlande molnighet, men solen har haft den dominerande rollen. Den l\u00e4gsta temperaturen blev +7,6 grader och den h\u00f6gsta blev +18,1 grader. Vinden har varit frisk, och vindriktningen har pendlat mellan v\u00e4st &hellip; <a href=\"https:\/\/jensgustafsson.se\/?p=35737\">Forts\u00e4tt l\u00e4sa <span class=\"meta-nav\">&rarr;<\/span><\/a><\/p>\n","protected":false},"author":1,"featured_media":0,"comment_status":"closed","ping_status":"","sticky":false,"template":"","format":"standard","meta":{"footnotes":""},"categories":[10],"tags":[],"class_list":["post-35737","post","type-post","status-publish","format-standard","hentry","category-vaderdagbok-2013"],"_links":{"self":[{"href":"https:\/\/jensgustafsson.se\/index.php?rest_route=\/wp\/v2\/posts\/35737","targetHints":{"allow":["GET"]}}],"collection":[{"href":"https:\/\/jensgustafsson.se\/index.php?rest_route=\/wp\/v2\/posts"}],"about":[{"href":"https:\/\/jensgustafsson.se\/index.php?rest_route=\/wp\/v2\/types\/post"}],"author":[{"embeddable":true,"href":"https:\/\/jensgustafsson.se\/index.php?rest_route=\/wp\/v2\/users\/1"}],"replies":[{"embeddable":true,"href":"https:\/\/jensgustafsson.se\/index.php?rest_route=%2Fwp%2Fv2%2Fcomments&post=35737"}],"version-history":[{"count":3,"href":"https:\/\/jensgustafsson.se\/index.php?rest_route=\/wp\/v2\/posts\/35737\/revisions"}],"predecessor-version":[{"id":35744,"href":"https:\/\/jensgustafsson.se\/index.php?rest_route=\/wp\/v2\/posts\/35737\/revisions\/35744"}],"wp:attachment":[{"href":"https:\/\/jensgustafsson.se\/index.php?rest_route=%2Fwp%2Fv2%2Fmedia&parent=35737"}],"wp:term":[{"taxonomy":"category","embeddable":true,"href":"https:\/\/jensgustafsson.se\/index.php?rest_route=%2Fwp%2Fv2%2Fcategories&post=35737"},{"taxonomy":"post_tag","embeddable":true,"href":"https:\/\/jensgustafsson.se\/index.php?rest_route=%2Fwp%2Fv2%2Ftags&post=35737"}],"curies":[{"name":"wp","href":"https:\/\/api.w.org\/{rel}","templated":true}]}}