{"id":35772,"date":"2025-05-03T17:18:42","date_gmt":"2025-05-03T16:18:42","guid":{"rendered":"https:\/\/jensgustafsson.se\/?p=35772"},"modified":"2025-05-03T17:18:42","modified_gmt":"2025-05-03T16:18:42","slug":"lordag-3-maj-2025","status":"publish","type":"post","link":"https:\/\/jensgustafsson.se\/?p=35772","title":{"rendered":"L\u00f6rdag 3 maj 2025."},"content":{"rendered":"\n<p class=\"has-medium-font-size\"><em>Morgonen och f\u00f6rmiddagen bj\u00f6d p\u00e5 en hel del sol, varvat med lite moln ocks\u00e5. Under eftermiddagen t\u00e4tnade molnen, och det f\u00f6ll ut n\u00e5gra regndroppar ocks\u00e5. En hel del moln just nu i skrivande stund, men lite ljusa partier p\u00e5 himlen ocks\u00e5. V\u00e5rt hopp st\u00e5r nu till morgondagen, d\u00e5 vi ska f\u00e5 ca 20 millimeter regn enligt v\u00e4derprognosen.<\/em><\/p>\n\n\n\n<p class=\"has-medium-font-size\"><em>Den l\u00e4gsta temperaturen blev +6,2 grader, och den h\u00f6gsta blev +16,1 grader.<\/em><\/p>\n\n\n\n<p class=\"has-medium-font-size\"><em>Vinden har varit frisk, v\u00e4stlig idag.<\/em><\/p>\n\n\n\n<figure class=\"wp-block-image size-large\"><img loading=\"lazy\" decoding=\"async\" width=\"1024\" height=\"728\" src=\"https:\/\/media1.jensgustafsson.se\/2025\/05\/DSC_2851-1024x728.jpg\" alt=\"\" class=\"wp-image-35775\" srcset=\"https:\/\/media1.jensgustafsson.se\/2025\/05\/DSC_2851-1024x728.jpg 1024w, https:\/\/media1.jensgustafsson.se\/2025\/05\/DSC_2851-300x213.jpg 300w, https:\/\/media1.jensgustafsson.se\/2025\/05\/DSC_2851-768x546.jpg 768w, https:\/\/media1.jensgustafsson.se\/2025\/05\/DSC_2851-1536x1092.jpg 1536w, https:\/\/media1.jensgustafsson.se\/2025\/05\/DSC_2851-2048x1456.jpg 2048w, https:\/\/media1.jensgustafsson.se\/2025\/05\/DSC_2851-422x300.jpg 422w\" sizes=\"auto, (max-width: 1024px) 100vw, 1024px\" \/><figcaption class=\"wp-element-caption\"><strong><em>Nu blommar f\u00f6rg\u00e4tmigejen f\u00f6r fullt.<\/em><\/strong><\/figcaption><\/figure>\n\n\n\n<p class=\"has-medium-font-size\"><em>En sammanfattning fr\u00e5n min v\u00e4derstation, f\u00f6r de senaste 24 timmarna:<\/em><\/p>\n\n\n\n<p class=\"has-medium-font-size\"><strong>20250503 kl. 18.00<br \/>Min. temp: 6,2 \u00b0C<br \/>Max. temp: 16,1 \u00b0C<br \/>Min. lufttryck: 998,4 hPa<br \/>Max. lufttryck: 1002,8 hPa<br \/>Min.luftfuktigh. 32 %<br \/>Max.luftfuktigh. 76 %<br \/>Domin. vindriktn.: V\u00e4stlig<br \/>Maxvind: 9 m\/s.<br \/>Nederb\u00f6rd: 0 mm<br \/>Meteorologisk \u00e5rstid: Sommar<br \/>Kalendarisk \u00e5rstid: V\u00e5rm\u00e5nad 3 av 3<\/strong><\/p>\n\n\n\n<figure class=\"wp-block-image size-large\"><img loading=\"lazy\" decoding=\"async\" width=\"1024\" height=\"463\" src=\"https:\/\/media1.jensgustafsson.se\/2025\/05\/image-8-1024x463.png\" alt=\"\" class=\"wp-image-35773\" srcset=\"https:\/\/media1.jensgustafsson.se\/2025\/05\/image-8-1024x463.png 1024w, https:\/\/media1.jensgustafsson.se\/2025\/05\/image-8-300x136.png 300w, https:\/\/media1.jensgustafsson.se\/2025\/05\/image-8-768x348.png 768w, https:\/\/media1.jensgustafsson.se\/2025\/05\/image-8-1536x695.png 1536w, https:\/\/media1.jensgustafsson.se\/2025\/05\/image-8-500x226.png 500w, https:\/\/media1.jensgustafsson.se\/2025\/05\/image-8.png 1843w\" sizes=\"auto, (max-width: 1024px) 100vw, 1024px\" \/><figcaption class=\"wp-element-caption\"><strong><em>M\u00e5nadens medeltemperatur \u00e4r t.o.m. idag 0,3 grader varmare&nbsp; j\u00e4mf\u00f6rt mot den normala.<\/em><\/strong><\/figcaption><\/figure>\n\n\n\n<p><\/p>\n","protected":false},"excerpt":{"rendered":"<p>Morgonen och f\u00f6rmiddagen bj\u00f6d p\u00e5 en hel del sol, varvat med lite moln ocks\u00e5. Under eftermiddagen t\u00e4tnade molnen, och det f\u00f6ll ut n\u00e5gra regndroppar ocks\u00e5. En hel del moln just nu i skrivande stund, men lite ljusa partier p\u00e5 himlen &hellip; <a href=\"https:\/\/jensgustafsson.se\/?p=35772\">Forts\u00e4tt l\u00e4sa <span class=\"meta-nav\">&rarr;<\/span><\/a><\/p>\n","protected":false},"author":1,"featured_media":0,"comment_status":"open","ping_status":"","sticky":false,"template":"","format":"standard","meta":{"footnotes":""},"categories":[10],"tags":[],"class_list":["post-35772","post","type-post","status-publish","format-standard","hentry","category-vaderdagbok-2013"],"_links":{"self":[{"href":"https:\/\/jensgustafsson.se\/index.php?rest_route=\/wp\/v2\/posts\/35772","targetHints":{"allow":["GET"]}}],"collection":[{"href":"https:\/\/jensgustafsson.se\/index.php?rest_route=\/wp\/v2\/posts"}],"about":[{"href":"https:\/\/jensgustafsson.se\/index.php?rest_route=\/wp\/v2\/types\/post"}],"author":[{"embeddable":true,"href":"https:\/\/jensgustafsson.se\/index.php?rest_route=\/wp\/v2\/users\/1"}],"replies":[{"embeddable":true,"href":"https:\/\/jensgustafsson.se\/index.php?rest_route=%2Fwp%2Fv2%2Fcomments&post=35772"}],"version-history":[{"count":3,"href":"https:\/\/jensgustafsson.se\/index.php?rest_route=\/wp\/v2\/posts\/35772\/revisions"}],"predecessor-version":[{"id":35777,"href":"https:\/\/jensgustafsson.se\/index.php?rest_route=\/wp\/v2\/posts\/35772\/revisions\/35777"}],"wp:attachment":[{"href":"https:\/\/jensgustafsson.se\/index.php?rest_route=%2Fwp%2Fv2%2Fmedia&parent=35772"}],"wp:term":[{"taxonomy":"category","embeddable":true,"href":"https:\/\/jensgustafsson.se\/index.php?rest_route=%2Fwp%2Fv2%2Fcategories&post=35772"},{"taxonomy":"post_tag","embeddable":true,"href":"https:\/\/jensgustafsson.se\/index.php?rest_route=%2Fwp%2Fv2%2Ftags&post=35772"}],"curies":[{"name":"wp","href":"https:\/\/api.w.org\/{rel}","templated":true}]}}