{"id":35778,"date":"2025-05-04T18:06:52","date_gmt":"2025-05-04T17:06:52","guid":{"rendered":"https:\/\/jensgustafsson.se\/?p=35778"},"modified":"2025-05-05T08:04:37","modified_gmt":"2025-05-05T07:04:37","slug":"sondag-4-maj-2025","status":"publish","type":"post","link":"https:\/\/jensgustafsson.se\/?p=35778","title":{"rendered":"S\u00f6ndag 4 maj 2025."},"content":{"rendered":"\n<p class=\"has-medium-font-size\"><em>\u00c4ntligen kom det efterl\u00e4ngtade regnet. Det b\u00f6rjade regna under natten, och har fortsatt under dagen, tidvis sn\u00f6blandat, och slutade inte f\u00f6rr\u00e4n p\u00e5 eftermiddagen. D\u00e4refter s\u00e5 har molnt\u00e4cket b\u00f6rjat spricka upp mot kv\u00e4llen.<\/em><\/p>\n\n\n\n<p class=\"has-medium-font-size\"><em>Temperaturen b\u00f6rjade falla efter midnatt, och den l\u00e4gsta temperaturen blev +2,5 grader p\u00e5 f\u00f6rmiddagen idag. Den h\u00f6gsta temperaturen blev +9,8 grader, och den temperaturen uppm\u00e4ttes vid midnatt.<\/em><\/p>\n\n\n\n<p class=\"has-medium-font-size\"><em>Vinden har varit frisk, och har kommit fr\u00e5n nord mestadels.<\/em><\/p>\n\n\n\n<figure class=\"wp-block-image size-large\"><img loading=\"lazy\" decoding=\"async\" width=\"1024\" height=\"849\" src=\"https:\/\/media1.jensgustafsson.se\/2025\/05\/DSC_2844-1024x849.jpg\" alt=\"\" class=\"wp-image-35782\" srcset=\"https:\/\/media1.jensgustafsson.se\/2025\/05\/DSC_2844-1024x849.jpg 1024w, https:\/\/media1.jensgustafsson.se\/2025\/05\/DSC_2844-300x249.jpg 300w, https:\/\/media1.jensgustafsson.se\/2025\/05\/DSC_2844-768x637.jpg 768w, https:\/\/media1.jensgustafsson.se\/2025\/05\/DSC_2844-1536x1273.jpg 1536w, https:\/\/media1.jensgustafsson.se\/2025\/05\/DSC_2844-2048x1698.jpg 2048w, https:\/\/media1.jensgustafsson.se\/2025\/05\/DSC_2844-362x300.jpg 362w\" sizes=\"auto, (max-width: 1024px) 100vw, 1024px\" \/><figcaption class=\"wp-element-caption\"><strong><em>En gulsparv g\u00f6r s\u00e5 gott han kan f\u00f6r att inte synas \ud83d\ude42 <\/em><\/strong><\/figcaption><\/figure>\n\n\n\n<p class=\"has-medium-font-size\"><em>En sammanfattning fr\u00e5n min v\u00e4derstation, f\u00f6r de senaste 24 timmarna:<\/em><\/p>\n\n\n\n<p class=\"has-medium-font-size\"><strong>20250504 kl. 18.30<br \/>Min. temp: 2,5 \u00b0C<br \/>Max. temp: 9,8 \u00b0C<br \/>Min. lufttryck: 994 hPa<br \/>Max. lufttryck: 1006,9 hPa<br \/>Min.luftfuktigh. 46 %<br \/>Max.luftfuktigh. 87 %<br \/>Domin. vindriktn.: Nordlig<br \/>Maxvind: 10 m\/s.<br \/>Nederb\u00f6rd: 22 mm<br \/>Meteorologisk \u00e5rstid: Sommar<br \/>Kalendarisk \u00e5rstid: V\u00e5rm\u00e5nad 3 av 3<\/strong><\/p>\n\n\n\n<figure class=\"wp-block-image size-large\"><img loading=\"lazy\" decoding=\"async\" width=\"1024\" height=\"463\" src=\"https:\/\/media1.jensgustafsson.se\/2025\/05\/image-9-1024x463.png\" alt=\"\" class=\"wp-image-35779\" srcset=\"https:\/\/media1.jensgustafsson.se\/2025\/05\/image-9-1024x463.png 1024w, https:\/\/media1.jensgustafsson.se\/2025\/05\/image-9-300x136.png 300w, https:\/\/media1.jensgustafsson.se\/2025\/05\/image-9-768x348.png 768w, https:\/\/media1.jensgustafsson.se\/2025\/05\/image-9-1536x695.png 1536w, https:\/\/media1.jensgustafsson.se\/2025\/05\/image-9-500x226.png 500w, https:\/\/media1.jensgustafsson.se\/2025\/05\/image-9.png 1843w\" sizes=\"auto, (max-width: 1024px) 100vw, 1024px\" \/><figcaption class=\"wp-element-caption\"><strong><em>M\u00e5nadens medeltemperatur \u00e4r t.o.m. idag 1,1 grader kallare j\u00e4mf\u00f6rt mot den normala.<\/em><\/strong><\/figcaption><\/figure>\n\n\n\n<figure class=\"wp-block-image size-large\"><img loading=\"lazy\" decoding=\"async\" width=\"1024\" height=\"537\" src=\"https:\/\/media1.jensgustafsson.se\/2025\/05\/image-10-1024x537.png\" alt=\"\" class=\"wp-image-35780\" srcset=\"https:\/\/media1.jensgustafsson.se\/2025\/05\/image-10-1024x537.png 1024w, https:\/\/media1.jensgustafsson.se\/2025\/05\/image-10-300x157.png 300w, https:\/\/media1.jensgustafsson.se\/2025\/05\/image-10-768x403.png 768w, https:\/\/media1.jensgustafsson.se\/2025\/05\/image-10-500x262.png 500w, https:\/\/media1.jensgustafsson.se\/2025\/05\/image-10.png 1485w\" sizes=\"auto, (max-width: 1024px) 100vw, 1024px\" \/><figcaption class=\"wp-element-caption\"><strong><em>M\u00e5nadens nederb\u00f6rd \u00e4r t.o.m. idag 48 % av den normala.<\/em><\/strong><\/figcaption><\/figure>\n\n\n\n<p><\/p>\n","protected":false},"excerpt":{"rendered":"<p>\u00c4ntligen kom det efterl\u00e4ngtade regnet. Det b\u00f6rjade regna under natten, och har fortsatt under dagen, tidvis sn\u00f6blandat, och slutade inte f\u00f6rr\u00e4n p\u00e5 eftermiddagen. D\u00e4refter s\u00e5 har molnt\u00e4cket b\u00f6rjat spricka upp mot kv\u00e4llen. Temperaturen b\u00f6rjade falla efter midnatt, och den l\u00e4gsta &hellip; <a href=\"https:\/\/jensgustafsson.se\/?p=35778\">Forts\u00e4tt l\u00e4sa <span class=\"meta-nav\">&rarr;<\/span><\/a><\/p>\n","protected":false},"author":1,"featured_media":0,"comment_status":"closed","ping_status":"","sticky":false,"template":"","format":"standard","meta":{"footnotes":""},"categories":[10],"tags":[],"class_list":["post-35778","post","type-post","status-publish","format-standard","hentry","category-vaderdagbok-2013"],"_links":{"self":[{"href":"https:\/\/jensgustafsson.se\/index.php?rest_route=\/wp\/v2\/posts\/35778","targetHints":{"allow":["GET"]}}],"collection":[{"href":"https:\/\/jensgustafsson.se\/index.php?rest_route=\/wp\/v2\/posts"}],"about":[{"href":"https:\/\/jensgustafsson.se\/index.php?rest_route=\/wp\/v2\/types\/post"}],"author":[{"embeddable":true,"href":"https:\/\/jensgustafsson.se\/index.php?rest_route=\/wp\/v2\/users\/1"}],"replies":[{"embeddable":true,"href":"https:\/\/jensgustafsson.se\/index.php?rest_route=%2Fwp%2Fv2%2Fcomments&post=35778"}],"version-history":[{"count":3,"href":"https:\/\/jensgustafsson.se\/index.php?rest_route=\/wp\/v2\/posts\/35778\/revisions"}],"predecessor-version":[{"id":35787,"href":"https:\/\/jensgustafsson.se\/index.php?rest_route=\/wp\/v2\/posts\/35778\/revisions\/35787"}],"wp:attachment":[{"href":"https:\/\/jensgustafsson.se\/index.php?rest_route=%2Fwp%2Fv2%2Fmedia&parent=35778"}],"wp:term":[{"taxonomy":"category","embeddable":true,"href":"https:\/\/jensgustafsson.se\/index.php?rest_route=%2Fwp%2Fv2%2Fcategories&post=35778"},{"taxonomy":"post_tag","embeddable":true,"href":"https:\/\/jensgustafsson.se\/index.php?rest_route=%2Fwp%2Fv2%2Ftags&post=35778"}],"curies":[{"name":"wp","href":"https:\/\/api.w.org\/{rel}","templated":true}]}}