{"id":35784,"date":"2025-05-05T16:51:29","date_gmt":"2025-05-05T15:51:29","guid":{"rendered":"https:\/\/jensgustafsson.se\/?p=35784"},"modified":"2025-05-05T16:51:29","modified_gmt":"2025-05-05T15:51:29","slug":"mandag-5-maj-2025","status":"publish","type":"post","link":"https:\/\/jensgustafsson.se\/?p=35784","title":{"rendered":"M\u00e5ndag 5 maj 2025."},"content":{"rendered":"\n<p class=\"has-medium-font-size\"><em>Natten blev molnfri och temperaturen gick ner till n\u00e5gra minusgrader. P\u00e5 f\u00f6rmiddagen var det v\u00e4xlande molnighet, men mestadels soligt. Senare delen av eftermiddagen har vi haft klarbl\u00e5 himmel och sol. Troligtvis g\u00e5r vi mot en frostnatt igen, vi har en kylig luftmassa \u00f6ver oss nu.<\/em><\/p>\n\n\n\n<p class=\"has-medium-font-size\"><em>Den l\u00e4gsta temperaturen blev -2,3 grader, och den h\u00f6gsta blev +14,3 grader.<\/em><\/p>\n\n\n\n<p class=\"has-medium-font-size\"><em>Vinden har varit m\u00e5ttlig till frisk mellan v\u00e4st och nordv\u00e4st.<\/em><\/p>\n\n\n\n<figure class=\"wp-block-image size-large\"><img loading=\"lazy\" decoding=\"async\" width=\"1024\" height=\"768\" src=\"https:\/\/media1.jensgustafsson.se\/2025\/05\/3-maj-2025-1-1024x768.jpg\" alt=\"\" class=\"wp-image-35789\" srcset=\"https:\/\/media1.jensgustafsson.se\/2025\/05\/3-maj-2025-1-1024x768.jpg 1024w, https:\/\/media1.jensgustafsson.se\/2025\/05\/3-maj-2025-1-300x225.jpg 300w, https:\/\/media1.jensgustafsson.se\/2025\/05\/3-maj-2025-1-768x576.jpg 768w, https:\/\/media1.jensgustafsson.se\/2025\/05\/3-maj-2025-1-1536x1152.jpg 1536w, https:\/\/media1.jensgustafsson.se\/2025\/05\/3-maj-2025-1-400x300.jpg 400w, https:\/\/media1.jensgustafsson.se\/2025\/05\/3-maj-2025-1.jpg 1920w\" sizes=\"auto, (max-width: 1024px) 100vw, 1024px\" \/><figcaption class=\"wp-element-caption\"><strong><em>N\u00f6t\u00e5n vid \u00c5fors (Hytten)<\/em><\/strong><\/figcaption><\/figure>\n\n\n\n<p class=\"has-medium-font-size\"><em>En sammanfattning fr\u00e5n min v\u00e4derstation, f\u00f6r de senaste 24 timmarna:<\/em><\/p>\n\n\n\n<p class=\"has-medium-font-size\"><strong>20250505 kl. 18.00<br \/>Min. temp: -2,3 \u00b0C<br \/>Max. temp: 14,3 \u00b0C<br \/>Min. lufttryck: 1006,8 hPa<br \/>Max. lufttryck: 1014,1 hPa<br \/>Min.luftfuktigh. 33 %<br \/>Max.luftfuktigh. 82 %<br \/>Domin. vindriktn.: Nordv\u00e4stlig<br \/>Maxvind: 10 m\/s.<br \/>Nederb\u00f6rd: 0 mm<br \/>Meteorologisk \u00e5rstid: Sommar<br \/>Kalendarisk \u00e5rstid: V\u00e5rm\u00e5nad 3 av 3<\/strong><\/p>\n\n\n\n<figure class=\"wp-block-image size-large\"><img loading=\"lazy\" decoding=\"async\" width=\"1024\" height=\"463\" src=\"https:\/\/media1.jensgustafsson.se\/2025\/05\/image-11-1024x463.png\" alt=\"\" class=\"wp-image-35795\" srcset=\"https:\/\/media1.jensgustafsson.se\/2025\/05\/image-11-1024x463.png 1024w, https:\/\/media1.jensgustafsson.se\/2025\/05\/image-11-300x136.png 300w, https:\/\/media1.jensgustafsson.se\/2025\/05\/image-11-768x348.png 768w, https:\/\/media1.jensgustafsson.se\/2025\/05\/image-11-1536x695.png 1536w, https:\/\/media1.jensgustafsson.se\/2025\/05\/image-11-500x226.png 500w, https:\/\/media1.jensgustafsson.se\/2025\/05\/image-11.png 1843w\" sizes=\"auto, (max-width: 1024px) 100vw, 1024px\" \/><figcaption class=\"wp-element-caption\"><strong><em>M\u00e5nadens medeltemperatur \u00e4r t.o.m. idag 2 grader kallare j\u00e4mf\u00f6rt mot den normala.<\/em><\/strong><\/figcaption><\/figure>\n\n\n\n<figure class=\"wp-block-image size-large\"><img loading=\"lazy\" decoding=\"async\" width=\"1024\" height=\"537\" src=\"https:\/\/media1.jensgustafsson.se\/2025\/05\/image-12-1024x537.png\" alt=\"\" class=\"wp-image-35796\" srcset=\"https:\/\/media1.jensgustafsson.se\/2025\/05\/image-12-1024x537.png 1024w, https:\/\/media1.jensgustafsson.se\/2025\/05\/image-12-300x157.png 300w, https:\/\/media1.jensgustafsson.se\/2025\/05\/image-12-768x403.png 768w, https:\/\/media1.jensgustafsson.se\/2025\/05\/image-12-500x262.png 500w, https:\/\/media1.jensgustafsson.se\/2025\/05\/image-12.png 1485w\" sizes=\"auto, (max-width: 1024px) 100vw, 1024px\" \/><figcaption class=\"wp-element-caption\"><strong><em>M\u00e5nadens nederb\u00f6rd \u00e4r t.o.m. idag 48 % av den normala.<\/em><\/strong><\/figcaption><\/figure>\n","protected":false},"excerpt":{"rendered":"<p>Natten blev molnfri och temperaturen gick ner till n\u00e5gra minusgrader. P\u00e5 f\u00f6rmiddagen var det v\u00e4xlande molnighet, men mestadels soligt. Senare delen av eftermiddagen har vi haft klarbl\u00e5 himmel och sol. Troligtvis g\u00e5r vi mot en frostnatt igen, vi har en &hellip; <a href=\"https:\/\/jensgustafsson.se\/?p=35784\">Forts\u00e4tt l\u00e4sa <span class=\"meta-nav\">&rarr;<\/span><\/a><\/p>\n","protected":false},"author":1,"featured_media":0,"comment_status":"closed","ping_status":"","sticky":false,"template":"","format":"standard","meta":{"footnotes":""},"categories":[10],"tags":[],"class_list":["post-35784","post","type-post","status-publish","format-standard","hentry","category-vaderdagbok-2013"],"_links":{"self":[{"href":"https:\/\/jensgustafsson.se\/index.php?rest_route=\/wp\/v2\/posts\/35784","targetHints":{"allow":["GET"]}}],"collection":[{"href":"https:\/\/jensgustafsson.se\/index.php?rest_route=\/wp\/v2\/posts"}],"about":[{"href":"https:\/\/jensgustafsson.se\/index.php?rest_route=\/wp\/v2\/types\/post"}],"author":[{"embeddable":true,"href":"https:\/\/jensgustafsson.se\/index.php?rest_route=\/wp\/v2\/users\/1"}],"replies":[{"embeddable":true,"href":"https:\/\/jensgustafsson.se\/index.php?rest_route=%2Fwp%2Fv2%2Fcomments&post=35784"}],"version-history":[{"count":6,"href":"https:\/\/jensgustafsson.se\/index.php?rest_route=\/wp\/v2\/posts\/35784\/revisions"}],"predecessor-version":[{"id":35797,"href":"https:\/\/jensgustafsson.se\/index.php?rest_route=\/wp\/v2\/posts\/35784\/revisions\/35797"}],"wp:attachment":[{"href":"https:\/\/jensgustafsson.se\/index.php?rest_route=%2Fwp%2Fv2%2Fmedia&parent=35784"}],"wp:term":[{"taxonomy":"category","embeddable":true,"href":"https:\/\/jensgustafsson.se\/index.php?rest_route=%2Fwp%2Fv2%2Fcategories&post=35784"},{"taxonomy":"post_tag","embeddable":true,"href":"https:\/\/jensgustafsson.se\/index.php?rest_route=%2Fwp%2Fv2%2Ftags&post=35784"}],"curies":[{"name":"wp","href":"https:\/\/api.w.org\/{rel}","templated":true}]}}