{"id":35792,"date":"2025-05-06T16:10:58","date_gmt":"2025-05-06T15:10:58","guid":{"rendered":"https:\/\/jensgustafsson.se\/?p=35792"},"modified":"2025-05-06T16:10:58","modified_gmt":"2025-05-06T15:10:58","slug":"tisdag-6-maj-2025","status":"publish","type":"post","link":"https:\/\/jensgustafsson.se\/?p=35792","title":{"rendered":"Tisdag 6 maj 2025."},"content":{"rendered":"\n<p class=\"has-medium-font-size\"><em>Det blev ingen frost i natt som jag trodde ig\u00e5r kv\u00e4ll. Det d\u00f6k upp lite moln av och till, s\u00e5 temperaturen h\u00f6ll sig \u00f6ver nollan. P\u00e5 morgonen var det klart v\u00e4der, men det kom lite  moln  p\u00e5 f\u00f6rmiddagen, och s\u00e5g n\u00e4stan ut som att det kunde bli n\u00e5gon regnskur. S\u00e5 blev det inte, f\u00f6r molnen l\u00e4ttade igen, och d\u00e4refter har det varit v\u00e4xlande molnighet.<\/em><\/p>\n\n\n\n<p class=\"has-medium-font-size\"><em>Den l\u00e4gsta temperaturen blev +4,4 grader, och den h\u00f6gsta blev +13,3 grader.<\/em><\/p>\n\n\n\n<p class=\"has-medium-font-size\"><em>Vinden har varit m\u00e5ttlig till frisk, nordlig idag. Vinden har varit kylig!<\/em><\/p>\n\n\n\n<figure class=\"wp-block-image size-large\"><img loading=\"lazy\" decoding=\"async\" width=\"1024\" height=\"768\" src=\"https:\/\/media1.jensgustafsson.se\/2025\/05\/6-maj-2025-1-1024x768.jpg\" alt=\"\" class=\"wp-image-35801\" srcset=\"https:\/\/media1.jensgustafsson.se\/2025\/05\/6-maj-2025-1-1024x768.jpg 1024w, https:\/\/media1.jensgustafsson.se\/2025\/05\/6-maj-2025-1-300x225.jpg 300w, https:\/\/media1.jensgustafsson.se\/2025\/05\/6-maj-2025-1-768x576.jpg 768w, https:\/\/media1.jensgustafsson.se\/2025\/05\/6-maj-2025-1-1536x1152.jpg 1536w, https:\/\/media1.jensgustafsson.se\/2025\/05\/6-maj-2025-1-400x300.jpg 400w, https:\/\/media1.jensgustafsson.se\/2025\/05\/6-maj-2025-1.jpg 1905w\" sizes=\"auto, (max-width: 1024px) 100vw, 1024px\" \/><figcaption class=\"wp-element-caption\"><strong><em>F\u00e5gelfors kyrka i solsken p\u00e5 f\u00f6rmiddagen.<\/em><\/strong><\/figcaption><\/figure>\n\n\n\n<p class=\"has-medium-font-size\"><em>En sammanfattning fr\u00e5n min v\u00e4derstation, f\u00f6r de senaste 24 timmarna:<\/em><\/p>\n\n\n\n<p class=\"has-medium-font-size\"><strong>20250506 kl. 17.00<br \/>Min. temp: 4,4 \u00b0C<br \/>Max. temp: 13,3 \u00b0C<br \/>Min. lufttryck: 1007,8 hPa<br \/>Max. lufttryck: 1019,9 hPa<br \/>Min.luftfuktigh. 32 %<br \/>Max.luftfuktigh. 77 %<br \/>Domin. vindriktn.: Nordlig.<br \/>Maxvind: 8 m\/s.<br \/>Nederb\u00f6rd: 0 mm<br \/>Meteorologisk \u00e5rstid: Sommar<br \/>Kalendarisk \u00e5rstid: V\u00e5rm\u00e5nad 3 av 3<\/strong><\/p>\n\n\n\n<figure class=\"wp-block-image size-large\"><img loading=\"lazy\" decoding=\"async\" width=\"1024\" height=\"463\" src=\"https:\/\/media1.jensgustafsson.se\/2025\/05\/image-13-1024x463.png\" alt=\"\" class=\"wp-image-35803\" srcset=\"https:\/\/media1.jensgustafsson.se\/2025\/05\/image-13-1024x463.png 1024w, https:\/\/media1.jensgustafsson.se\/2025\/05\/image-13-300x136.png 300w, https:\/\/media1.jensgustafsson.se\/2025\/05\/image-13-768x348.png 768w, https:\/\/media1.jensgustafsson.se\/2025\/05\/image-13-1536x695.png 1536w, https:\/\/media1.jensgustafsson.se\/2025\/05\/image-13-500x226.png 500w, https:\/\/media1.jensgustafsson.se\/2025\/05\/image-13.png 1843w\" sizes=\"auto, (max-width: 1024px) 100vw, 1024px\" \/><figcaption class=\"wp-element-caption\"><strong><em>M\u00e5nadens medeltemperatur \u00e4r t.o.m. idag 1,9 grader kallare j\u00e4mf\u00f6rt mot den normala.<\/em><\/strong><\/figcaption><\/figure>\n\n\n\n<figure class=\"wp-block-image size-large\"><img loading=\"lazy\" decoding=\"async\" width=\"1024\" height=\"537\" src=\"https:\/\/media1.jensgustafsson.se\/2025\/05\/image-14-1024x537.png\" alt=\"\" class=\"wp-image-35804\" srcset=\"https:\/\/media1.jensgustafsson.se\/2025\/05\/image-14-1024x537.png 1024w, https:\/\/media1.jensgustafsson.se\/2025\/05\/image-14-300x157.png 300w, https:\/\/media1.jensgustafsson.se\/2025\/05\/image-14-768x403.png 768w, https:\/\/media1.jensgustafsson.se\/2025\/05\/image-14-500x262.png 500w, https:\/\/media1.jensgustafsson.se\/2025\/05\/image-14.png 1485w\" sizes=\"auto, (max-width: 1024px) 100vw, 1024px\" \/><figcaption class=\"wp-element-caption\"><strong><em>M\u00e5nadens nederb\u00f6rd \u00e4r t.o.m. idag 48 % av den normala.<\/em><\/strong><\/figcaption><\/figure>\n\n\n\n<p><\/p>\n","protected":false},"excerpt":{"rendered":"<p>Det blev ingen frost i natt som jag trodde ig\u00e5r kv\u00e4ll. Det d\u00f6k upp lite moln av och till, s\u00e5 temperaturen h\u00f6ll sig \u00f6ver nollan. P\u00e5 morgonen var det klart v\u00e4der, men det kom lite moln p\u00e5 f\u00f6rmiddagen, och s\u00e5g &hellip; <a href=\"https:\/\/jensgustafsson.se\/?p=35792\">Forts\u00e4tt l\u00e4sa <span class=\"meta-nav\">&rarr;<\/span><\/a><\/p>\n","protected":false},"author":1,"featured_media":0,"comment_status":"closed","ping_status":"","sticky":false,"template":"","format":"standard","meta":{"footnotes":""},"categories":[10],"tags":[],"class_list":["post-35792","post","type-post","status-publish","format-standard","hentry","category-vaderdagbok-2013"],"_links":{"self":[{"href":"https:\/\/jensgustafsson.se\/index.php?rest_route=\/wp\/v2\/posts\/35792","targetHints":{"allow":["GET"]}}],"collection":[{"href":"https:\/\/jensgustafsson.se\/index.php?rest_route=\/wp\/v2\/posts"}],"about":[{"href":"https:\/\/jensgustafsson.se\/index.php?rest_route=\/wp\/v2\/types\/post"}],"author":[{"embeddable":true,"href":"https:\/\/jensgustafsson.se\/index.php?rest_route=\/wp\/v2\/users\/1"}],"replies":[{"embeddable":true,"href":"https:\/\/jensgustafsson.se\/index.php?rest_route=%2Fwp%2Fv2%2Fcomments&post=35792"}],"version-history":[{"count":3,"href":"https:\/\/jensgustafsson.se\/index.php?rest_route=\/wp\/v2\/posts\/35792\/revisions"}],"predecessor-version":[{"id":35805,"href":"https:\/\/jensgustafsson.se\/index.php?rest_route=\/wp\/v2\/posts\/35792\/revisions\/35805"}],"wp:attachment":[{"href":"https:\/\/jensgustafsson.se\/index.php?rest_route=%2Fwp%2Fv2%2Fmedia&parent=35792"}],"wp:term":[{"taxonomy":"category","embeddable":true,"href":"https:\/\/jensgustafsson.se\/index.php?rest_route=%2Fwp%2Fv2%2Fcategories&post=35792"},{"taxonomy":"post_tag","embeddable":true,"href":"https:\/\/jensgustafsson.se\/index.php?rest_route=%2Fwp%2Fv2%2Ftags&post=35792"}],"curies":[{"name":"wp","href":"https:\/\/api.w.org\/{rel}","templated":true}]}}