{"id":35806,"date":"2025-05-07T16:37:40","date_gmt":"2025-05-07T15:37:40","guid":{"rendered":"https:\/\/jensgustafsson.se\/?p=35806"},"modified":"2025-05-07T16:37:40","modified_gmt":"2025-05-07T15:37:40","slug":"onsdag-7-maj-2025","status":"publish","type":"post","link":"https:\/\/jensgustafsson.se\/?p=35806","title":{"rendered":"Onsdag 7 maj 2025."},"content":{"rendered":"\n<p class=\"has-medium-font-size\"><em>P\u00e5 morgonen var det klart v\u00e4der och markfrost. P\u00e5 dagen har vi haft v\u00e4xlande molnighet, och tidvis ganska t\u00e4ta moln, som sl\u00e4ppt ifr\u00e5n sig n\u00e5gra regndroppar ocks\u00e5. Glesare mellan molnen under eftermiddagen.<\/em><\/p>\n\n\n\n<p class=\"has-medium-font-size\"><em>Den l\u00e4gsta temperaturen blev +1 grad, och den h\u00f6gsta blev +13,1 grader.<\/em><\/p>\n\n\n\n<p class=\"has-medium-font-size\"><em>Vinden har varit m\u00e5ttlig, och vinden har v\u00e4xlat lite under dagen, fr\u00e5n v\u00e4stlig, till att nu ikv\u00e4ll vara sydostlig. Kyligt i vinden \u00e4ven idag.<\/em><\/p>\n\n\n\n<figure class=\"wp-block-image size-large\"><img loading=\"lazy\" decoding=\"async\" width=\"1024\" height=\"683\" src=\"https:\/\/media1.jensgustafsson.se\/2025\/05\/DSC_2897-1024x683.jpg\" alt=\"\" class=\"wp-image-35812\" srcset=\"https:\/\/media1.jensgustafsson.se\/2025\/05\/DSC_2897-1024x683.jpg 1024w, https:\/\/media1.jensgustafsson.se\/2025\/05\/DSC_2897-300x200.jpg 300w, https:\/\/media1.jensgustafsson.se\/2025\/05\/DSC_2897-768x512.jpg 768w, https:\/\/media1.jensgustafsson.se\/2025\/05\/DSC_2897-1536x1024.jpg 1536w, https:\/\/media1.jensgustafsson.se\/2025\/05\/DSC_2897-2048x1365.jpg 2048w, https:\/\/media1.jensgustafsson.se\/2025\/05\/DSC_2897-450x300.jpg 450w\" sizes=\"auto, (max-width: 1024px) 100vw, 1024px\" \/><figcaption class=\"wp-element-caption\"><strong><em>Markfrost p\u00e5 styvmorsviolerna p\u00e5 morgonen idag.<\/em><\/strong><\/figcaption><\/figure>\n\n\n\n<p class=\"has-medium-font-size\"><em>En sammanfattning fr\u00e5n min v\u00e4derstation, f\u00f6r de senaste 24 timmarna:<\/em><\/p>\n\n\n\n<p class=\"has-medium-font-size\"><strong>20250507 kl. 17.30<br \/>Min. temp: 1 \u00b0C<br \/>Max. temp: 13,1 \u00b0C<br \/>Min. lufttryck: 1014 hPa<br \/>Max. lufttryck: 1019,9 hPa<br \/>Min.luftfuktigh. 37 %<br \/>Max.luftfuktigh. 78 %<br \/>Domin. vindriktn.: V\u00e4xlande.<br \/>Maxvind: 6 m\/s.<br \/>Nederb\u00f6rd: 0<br \/>Meteorologisk \u00e5rstid: Sommar<br \/>Kalendarisk \u00e5rstid: V\u00e5rm\u00e5nad 3 av 3<\/strong><\/p>\n\n\n\n<figure class=\"wp-block-image size-large\"><img loading=\"lazy\" decoding=\"async\" width=\"1024\" height=\"463\" src=\"https:\/\/media1.jensgustafsson.se\/2025\/05\/image-15-1024x463.png\" alt=\"\" class=\"wp-image-35808\" srcset=\"https:\/\/media1.jensgustafsson.se\/2025\/05\/image-15-1024x463.png 1024w, https:\/\/media1.jensgustafsson.se\/2025\/05\/image-15-300x136.png 300w, https:\/\/media1.jensgustafsson.se\/2025\/05\/image-15-768x348.png 768w, https:\/\/media1.jensgustafsson.se\/2025\/05\/image-15-1536x695.png 1536w, https:\/\/media1.jensgustafsson.se\/2025\/05\/image-15-500x226.png 500w, https:\/\/media1.jensgustafsson.se\/2025\/05\/image-15.png 1843w\" sizes=\"auto, (max-width: 1024px) 100vw, 1024px\" \/><figcaption class=\"wp-element-caption\"><strong><em>M\u00e5nadens medeltemperatur \u00e4r t.o.m. idag 2,4 grader kallare j\u00e4mf\u00f6rt mot den normala.<\/em><\/strong><\/figcaption><\/figure>\n\n\n\n<figure class=\"wp-block-image size-large\"><img loading=\"lazy\" decoding=\"async\" width=\"1024\" height=\"537\" src=\"https:\/\/media1.jensgustafsson.se\/2025\/05\/image-16-1024x537.png\" alt=\"\" class=\"wp-image-35809\" srcset=\"https:\/\/media1.jensgustafsson.se\/2025\/05\/image-16-1024x537.png 1024w, https:\/\/media1.jensgustafsson.se\/2025\/05\/image-16-300x157.png 300w, https:\/\/media1.jensgustafsson.se\/2025\/05\/image-16-768x403.png 768w, https:\/\/media1.jensgustafsson.se\/2025\/05\/image-16-500x262.png 500w, https:\/\/media1.jensgustafsson.se\/2025\/05\/image-16.png 1485w\" sizes=\"auto, (max-width: 1024px) 100vw, 1024px\" \/><figcaption class=\"wp-element-caption\"><strong><em>M\u00e5nadens nederb\u00f6rd \u00e4r t.o.m. idag 48 % av den normala.<\/em><\/strong><\/figcaption><\/figure>\n\n\n\n<p><\/p>\n","protected":false},"excerpt":{"rendered":"<p>P\u00e5 morgonen var det klart v\u00e4der och markfrost. P\u00e5 dagen har vi haft v\u00e4xlande molnighet, och tidvis ganska t\u00e4ta moln, som sl\u00e4ppt ifr\u00e5n sig n\u00e5gra regndroppar ocks\u00e5. Glesare mellan molnen under eftermiddagen. Den l\u00e4gsta temperaturen blev +1 grad, och den &hellip; <a href=\"https:\/\/jensgustafsson.se\/?p=35806\">Forts\u00e4tt l\u00e4sa <span class=\"meta-nav\">&rarr;<\/span><\/a><\/p>\n","protected":false},"author":1,"featured_media":0,"comment_status":"closed","ping_status":"","sticky":false,"template":"","format":"standard","meta":{"footnotes":""},"categories":[10],"tags":[],"class_list":["post-35806","post","type-post","status-publish","format-standard","hentry","category-vaderdagbok-2013"],"_links":{"self":[{"href":"https:\/\/jensgustafsson.se\/index.php?rest_route=\/wp\/v2\/posts\/35806","targetHints":{"allow":["GET"]}}],"collection":[{"href":"https:\/\/jensgustafsson.se\/index.php?rest_route=\/wp\/v2\/posts"}],"about":[{"href":"https:\/\/jensgustafsson.se\/index.php?rest_route=\/wp\/v2\/types\/post"}],"author":[{"embeddable":true,"href":"https:\/\/jensgustafsson.se\/index.php?rest_route=\/wp\/v2\/users\/1"}],"replies":[{"embeddable":true,"href":"https:\/\/jensgustafsson.se\/index.php?rest_route=%2Fwp%2Fv2%2Fcomments&post=35806"}],"version-history":[{"count":4,"href":"https:\/\/jensgustafsson.se\/index.php?rest_route=\/wp\/v2\/posts\/35806\/revisions"}],"predecessor-version":[{"id":35813,"href":"https:\/\/jensgustafsson.se\/index.php?rest_route=\/wp\/v2\/posts\/35806\/revisions\/35813"}],"wp:attachment":[{"href":"https:\/\/jensgustafsson.se\/index.php?rest_route=%2Fwp%2Fv2%2Fmedia&parent=35806"}],"wp:term":[{"taxonomy":"category","embeddable":true,"href":"https:\/\/jensgustafsson.se\/index.php?rest_route=%2Fwp%2Fv2%2Fcategories&post=35806"},{"taxonomy":"post_tag","embeddable":true,"href":"https:\/\/jensgustafsson.se\/index.php?rest_route=%2Fwp%2Fv2%2Ftags&post=35806"}],"curies":[{"name":"wp","href":"https:\/\/api.w.org\/{rel}","templated":true}]}}