{"id":35814,"date":"2025-05-08T17:13:40","date_gmt":"2025-05-08T16:13:40","guid":{"rendered":"https:\/\/jensgustafsson.se\/?p=35814"},"modified":"2025-05-08T17:13:40","modified_gmt":"2025-05-08T16:13:40","slug":"torsdag-8-maj-2025","status":"publish","type":"post","link":"https:\/\/jensgustafsson.se\/?p=35814","title":{"rendered":"Torsdag 8 maj 2025."},"content":{"rendered":"\n<p class=\"has-medium-font-size\"><em>Morgonen, f\u00f6rmiddagen, och en bit in p\u00e5 eftermiddagen dominerade molnen idag. D\u00e4refter har molnt\u00e4cket spruckit upp, och solen har f\u00e5tt chansen att v\u00e4rma upp den kyliga luften under senare delen av eftermiddagen.<\/em><\/p>\n\n\n\n<p class=\"has-medium-font-size\"><em>Den l\u00e4gsta temperaturen blev +0,8 grader, och den h\u00f6gsta +13,5 grader.<\/em><\/p>\n\n\n\n<p class=\"has-medium-font-size\"><em>Vinden har varit m\u00e5ttlig, och vindriktningarna har v\u00e4xlat mellan alla v\u00e4derstreck idag.<\/em><\/p>\n\n\n\n<figure class=\"wp-block-image size-large\"><img loading=\"lazy\" decoding=\"async\" width=\"1024\" height=\"768\" src=\"https:\/\/media1.jensgustafsson.se\/2025\/05\/8-maj-2025-1-1-1024x768.jpg\" alt=\"\" class=\"wp-image-35818\" srcset=\"https:\/\/media1.jensgustafsson.se\/2025\/05\/8-maj-2025-1-1-1024x768.jpg 1024w, https:\/\/media1.jensgustafsson.se\/2025\/05\/8-maj-2025-1-1-300x225.jpg 300w, https:\/\/media1.jensgustafsson.se\/2025\/05\/8-maj-2025-1-1-768x576.jpg 768w, https:\/\/media1.jensgustafsson.se\/2025\/05\/8-maj-2025-1-1-1536x1152.jpg 1536w, https:\/\/media1.jensgustafsson.se\/2025\/05\/8-maj-2025-1-1-400x300.jpg 400w, https:\/\/media1.jensgustafsson.se\/2025\/05\/8-maj-2025-1-1.jpg 1920w\" sizes=\"auto, (max-width: 1024px) 100vw, 1024px\" \/><figcaption class=\"wp-element-caption\"><strong><em>I eftermiddag har solen visat sig en hel del.<\/em><\/strong><\/figcaption><\/figure>\n\n\n\n<p class=\"has-medium-font-size\"><em>En sammanfattning fr\u00e5n min v\u00e4derstation, f\u00f6r de senaste 24 timmarna:<\/em><\/p>\n\n\n\n<p class=\"has-medium-font-size\"><strong>20250508 kl. 17.30<br \/>Min. temp: 0,8 \u00b0C<br \/>Max. temp: 13,5 \u00b0C<br \/>Min. lufttryck: 1016,6 hPa<br \/>Max. lufttryck: 1019,5 hPa<br \/>Min.luftfuktigh. 42 %<br \/>Max.luftfuktigh. 76 %<br \/>Domin. vindriktn.: V\u00e4xlande<br \/>Maxvind: 6 m\/s.<br \/>Nederb\u00f6rd: 0 mm<\/strong><\/p>\n\n\n\n<figure class=\"wp-block-image size-large is-style-default\"><img loading=\"lazy\" decoding=\"async\" width=\"1024\" height=\"463\" src=\"https:\/\/media1.jensgustafsson.se\/2025\/05\/image-17-1024x463.png\" alt=\"\" class=\"wp-image-35824\" srcset=\"https:\/\/media1.jensgustafsson.se\/2025\/05\/image-17-1024x463.png 1024w, https:\/\/media1.jensgustafsson.se\/2025\/05\/image-17-300x136.png 300w, https:\/\/media1.jensgustafsson.se\/2025\/05\/image-17-768x348.png 768w, https:\/\/media1.jensgustafsson.se\/2025\/05\/image-17-1536x695.png 1536w, https:\/\/media1.jensgustafsson.se\/2025\/05\/image-17-500x226.png 500w, https:\/\/media1.jensgustafsson.se\/2025\/05\/image-17.png 1843w\" sizes=\"auto, (max-width: 1024px) 100vw, 1024px\" \/><figcaption class=\"wp-element-caption\"><strong><em>M\u00e5nadens medeltemperatur \u00e4r t.o.m. idag 2,6 grader kallare j\u00e4mf\u00f6rt mot den normala.<\/em><\/strong><\/figcaption><\/figure>\n\n\n\n<figure class=\"wp-block-image size-large\"><img loading=\"lazy\" decoding=\"async\" width=\"1024\" height=\"537\" src=\"https:\/\/media1.jensgustafsson.se\/2025\/05\/image-18-1024x537.png\" alt=\"\" class=\"wp-image-35825\" srcset=\"https:\/\/media1.jensgustafsson.se\/2025\/05\/image-18-1024x537.png 1024w, https:\/\/media1.jensgustafsson.se\/2025\/05\/image-18-300x157.png 300w, https:\/\/media1.jensgustafsson.se\/2025\/05\/image-18-768x403.png 768w, https:\/\/media1.jensgustafsson.se\/2025\/05\/image-18-500x262.png 500w, https:\/\/media1.jensgustafsson.se\/2025\/05\/image-18.png 1485w\" sizes=\"auto, (max-width: 1024px) 100vw, 1024px\" \/><figcaption class=\"wp-element-caption\"><strong><em>M\u00e5nadens nederb\u00f6rd \u00e4r t.o.m. idag 48 % av den normala.<\/em><\/strong><\/figcaption><\/figure>\n","protected":false},"excerpt":{"rendered":"<p>Morgonen, f\u00f6rmiddagen, och en bit in p\u00e5 eftermiddagen dominerade molnen idag. D\u00e4refter har molnt\u00e4cket spruckit upp, och solen har f\u00e5tt chansen att v\u00e4rma upp den kyliga luften under senare delen av eftermiddagen. Den l\u00e4gsta temperaturen blev +0,8 grader, och den &hellip; <a href=\"https:\/\/jensgustafsson.se\/?p=35814\">Forts\u00e4tt l\u00e4sa <span class=\"meta-nav\">&rarr;<\/span><\/a><\/p>\n","protected":false},"author":1,"featured_media":0,"comment_status":"open","ping_status":"","sticky":false,"template":"","format":"standard","meta":{"footnotes":""},"categories":[10],"tags":[],"class_list":["post-35814","post","type-post","status-publish","format-standard","hentry","category-vaderdagbok-2013"],"_links":{"self":[{"href":"https:\/\/jensgustafsson.se\/index.php?rest_route=\/wp\/v2\/posts\/35814","targetHints":{"allow":["GET"]}}],"collection":[{"href":"https:\/\/jensgustafsson.se\/index.php?rest_route=\/wp\/v2\/posts"}],"about":[{"href":"https:\/\/jensgustafsson.se\/index.php?rest_route=\/wp\/v2\/types\/post"}],"author":[{"embeddable":true,"href":"https:\/\/jensgustafsson.se\/index.php?rest_route=\/wp\/v2\/users\/1"}],"replies":[{"embeddable":true,"href":"https:\/\/jensgustafsson.se\/index.php?rest_route=%2Fwp%2Fv2%2Fcomments&post=35814"}],"version-history":[{"count":6,"href":"https:\/\/jensgustafsson.se\/index.php?rest_route=\/wp\/v2\/posts\/35814\/revisions"}],"predecessor-version":[{"id":35827,"href":"https:\/\/jensgustafsson.se\/index.php?rest_route=\/wp\/v2\/posts\/35814\/revisions\/35827"}],"wp:attachment":[{"href":"https:\/\/jensgustafsson.se\/index.php?rest_route=%2Fwp%2Fv2%2Fmedia&parent=35814"}],"wp:term":[{"taxonomy":"category","embeddable":true,"href":"https:\/\/jensgustafsson.se\/index.php?rest_route=%2Fwp%2Fv2%2Fcategories&post=35814"},{"taxonomy":"post_tag","embeddable":true,"href":"https:\/\/jensgustafsson.se\/index.php?rest_route=%2Fwp%2Fv2%2Ftags&post=35814"}],"curies":[{"name":"wp","href":"https:\/\/api.w.org\/{rel}","templated":true}]}}