{"id":35822,"date":"2025-05-09T17:09:38","date_gmt":"2025-05-09T16:09:38","guid":{"rendered":"https:\/\/jensgustafsson.se\/?p=35822"},"modified":"2025-05-09T17:09:38","modified_gmt":"2025-05-09T16:09:38","slug":"fredag-9-maj-2025","status":"publish","type":"post","link":"https:\/\/jensgustafsson.se\/?p=35822","title":{"rendered":"Fredag 9 maj 2025."},"content":{"rendered":"\n<p class=\"has-medium-font-size\"><em>P\u00e5 morgonen var det mulet idag, och det b\u00f6rjade regna lite l\u00e4tt. Det blev inte mycket regn, men molnen h\u00e4ngde kvar efter att regnet upph\u00f6rde p\u00e5 f\u00f6rmiddagen. Vid lunchtid luckrades molnen upp lite grann, och solen visade sig n\u00e5gra korta stunder i eftermiddag. <\/em><\/p>\n\n\n\n<p class=\"has-medium-font-size\"><em>Den l\u00e4gsta temperaturen blev +4,5 grader, och den h\u00f6gsta blev +15,6 grader.<\/em><\/p>\n\n\n\n<p class=\"has-medium-font-size\"><em>Vinden har varit svag till m\u00e5ttlig, och pendlat lite mellan sydv\u00e4st-v\u00e4st-nordv\u00e4st.<\/em><\/p>\n\n\n\n<figure class=\"wp-block-image size-large\"><img loading=\"lazy\" decoding=\"async\" width=\"1024\" height=\"683\" src=\"https:\/\/media1.jensgustafsson.se\/2025\/05\/DSC_2970-1024x683.jpg\" alt=\"\" class=\"wp-image-35828\" srcset=\"https:\/\/media1.jensgustafsson.se\/2025\/05\/DSC_2970-1024x683.jpg 1024w, https:\/\/media1.jensgustafsson.se\/2025\/05\/DSC_2970-300x200.jpg 300w, https:\/\/media1.jensgustafsson.se\/2025\/05\/DSC_2970-768x512.jpg 768w, https:\/\/media1.jensgustafsson.se\/2025\/05\/DSC_2970-1536x1024.jpg 1536w, https:\/\/media1.jensgustafsson.se\/2025\/05\/DSC_2970-2048x1365.jpg 2048w, https:\/\/media1.jensgustafsson.se\/2025\/05\/DSC_2970-450x300.jpg 450w\" sizes=\"auto, (max-width: 1024px) 100vw, 1024px\" \/><figcaption class=\"wp-element-caption\"><strong><em>Dammen vid Forsaryd i eftermiddag.<\/em><\/strong><\/figcaption><\/figure>\n\n\n\n<p class=\"has-medium-font-size\"><em>En sammanfattning fr\u00e5n min v\u00e4derstation, f\u00f6r de senaste 24 timmarna:<\/em><\/p>\n\n\n\n<p class=\"has-medium-font-size\"><strong>20250509 kl. 18.00<br \/>Min. temp: 4,5 \u00b0C<br \/>Max. temp: 15,6 \u00b0C<br \/>Min. lufttryck: 1012,4 hPa<br \/>Max. lufttryck: 1017,1 hPa<br \/>Min.luftfuktigh. 42 %<br \/>Max.luftfuktigh. 76 %<br \/>Domin. vindriktn.: V\u00e4stlig<br \/>Maxvind: 7 m\/s.<br \/>Nederb\u00f6rd: 0,5 mm<\/strong><\/p>\n\n\n\n<figure class=\"wp-block-image size-large\"><img loading=\"lazy\" decoding=\"async\" width=\"1024\" height=\"463\" src=\"https:\/\/media1.jensgustafsson.se\/2025\/05\/image-19-1024x463.png\" alt=\"\" class=\"wp-image-35832\" srcset=\"https:\/\/media1.jensgustafsson.se\/2025\/05\/image-19-1024x463.png 1024w, https:\/\/media1.jensgustafsson.se\/2025\/05\/image-19-300x136.png 300w, https:\/\/media1.jensgustafsson.se\/2025\/05\/image-19-768x348.png 768w, https:\/\/media1.jensgustafsson.se\/2025\/05\/image-19-1536x695.png 1536w, https:\/\/media1.jensgustafsson.se\/2025\/05\/image-19-500x226.png 500w, https:\/\/media1.jensgustafsson.se\/2025\/05\/image-19.png 1843w\" sizes=\"auto, (max-width: 1024px) 100vw, 1024px\" \/><figcaption class=\"wp-element-caption\"><strong><em>M\u00e5nadens medeltemperatur \u00e4r t.o.m. idag 2,5 grader kallare j\u00e4mf\u00f6rt mot den normala.<\/em><\/strong><\/figcaption><\/figure>\n\n\n\n<figure class=\"wp-block-image size-large\"><img loading=\"lazy\" decoding=\"async\" width=\"1024\" height=\"537\" src=\"https:\/\/media1.jensgustafsson.se\/2025\/05\/image-20-1024x537.png\" alt=\"\" class=\"wp-image-35833\" srcset=\"https:\/\/media1.jensgustafsson.se\/2025\/05\/image-20-1024x537.png 1024w, https:\/\/media1.jensgustafsson.se\/2025\/05\/image-20-300x157.png 300w, https:\/\/media1.jensgustafsson.se\/2025\/05\/image-20-768x403.png 768w, https:\/\/media1.jensgustafsson.se\/2025\/05\/image-20-500x262.png 500w, https:\/\/media1.jensgustafsson.se\/2025\/05\/image-20.png 1485w\" sizes=\"auto, (max-width: 1024px) 100vw, 1024px\" \/><figcaption class=\"wp-element-caption\"><strong><em>M\u00e5nadens nederb\u00f6rd \u00e4r t.o.m. idag 49 % av den normala.<\/em><\/strong><\/figcaption><\/figure>\n","protected":false},"excerpt":{"rendered":"<p>P\u00e5 morgonen var det mulet idag, och det b\u00f6rjade regna lite l\u00e4tt. Det blev inte mycket regn, men molnen h\u00e4ngde kvar efter att regnet upph\u00f6rde p\u00e5 f\u00f6rmiddagen. Vid lunchtid luckrades molnen upp lite grann, och solen visade sig n\u00e5gra korta &hellip; <a href=\"https:\/\/jensgustafsson.se\/?p=35822\">Forts\u00e4tt l\u00e4sa <span class=\"meta-nav\">&rarr;<\/span><\/a><\/p>\n","protected":false},"author":1,"featured_media":0,"comment_status":"open","ping_status":"","sticky":false,"template":"","format":"standard","meta":{"footnotes":""},"categories":[10],"tags":[],"class_list":["post-35822","post","type-post","status-publish","format-standard","hentry","category-vaderdagbok-2013"],"_links":{"self":[{"href":"https:\/\/jensgustafsson.se\/index.php?rest_route=\/wp\/v2\/posts\/35822","targetHints":{"allow":["GET"]}}],"collection":[{"href":"https:\/\/jensgustafsson.se\/index.php?rest_route=\/wp\/v2\/posts"}],"about":[{"href":"https:\/\/jensgustafsson.se\/index.php?rest_route=\/wp\/v2\/types\/post"}],"author":[{"embeddable":true,"href":"https:\/\/jensgustafsson.se\/index.php?rest_route=\/wp\/v2\/users\/1"}],"replies":[{"embeddable":true,"href":"https:\/\/jensgustafsson.se\/index.php?rest_route=%2Fwp%2Fv2%2Fcomments&post=35822"}],"version-history":[{"count":4,"href":"https:\/\/jensgustafsson.se\/index.php?rest_route=\/wp\/v2\/posts\/35822\/revisions"}],"predecessor-version":[{"id":35835,"href":"https:\/\/jensgustafsson.se\/index.php?rest_route=\/wp\/v2\/posts\/35822\/revisions\/35835"}],"wp:attachment":[{"href":"https:\/\/jensgustafsson.se\/index.php?rest_route=%2Fwp%2Fv2%2Fmedia&parent=35822"}],"wp:term":[{"taxonomy":"category","embeddable":true,"href":"https:\/\/jensgustafsson.se\/index.php?rest_route=%2Fwp%2Fv2%2Fcategories&post=35822"},{"taxonomy":"post_tag","embeddable":true,"href":"https:\/\/jensgustafsson.se\/index.php?rest_route=%2Fwp%2Fv2%2Ftags&post=35822"}],"curies":[{"name":"wp","href":"https:\/\/api.w.org\/{rel}","templated":true}]}}