{"id":35830,"date":"2025-05-10T16:47:43","date_gmt":"2025-05-10T15:47:43","guid":{"rendered":"https:\/\/jensgustafsson.se\/?p=35830"},"modified":"2025-05-10T16:47:43","modified_gmt":"2025-05-10T15:47:43","slug":"lordag-10-maj-2025","status":"publish","type":"post","link":"https:\/\/jensgustafsson.se\/?p=35830","title":{"rendered":"L\u00f6rdag 10 maj 2025."},"content":{"rendered":"\n<p class=\"has-medium-font-size\"><em>Idag har molnen dominerat, och p\u00e5 morgonen och f\u00f6rmiddagen kom det n\u00e5gra l\u00e4tta regnst\u00e4nk ocks\u00e5. <\/em><\/p>\n\n\n\n<p class=\"has-medium-font-size\"><em>Den l\u00e4gsta temperaturen blev +6,1 grader, och den h\u00f6gsta blev +10,8 grader. En sm\u00e5kylig dag har det varit!<\/em><\/p>\n\n\n\n<p class=\"has-medium-font-size\"><em>Vinden har varit svag, och kommit fr\u00e5n nordost mestadels.<\/em><\/p>\n\n\n\n<figure class=\"wp-block-image size-large\"><img loading=\"lazy\" decoding=\"async\" width=\"1024\" height=\"683\" src=\"https:\/\/media1.jensgustafsson.se\/2025\/05\/DSC_2963-1024x683.jpg\" alt=\"\" class=\"wp-image-35842\" srcset=\"https:\/\/media1.jensgustafsson.se\/2025\/05\/DSC_2963-1024x683.jpg 1024w, https:\/\/media1.jensgustafsson.se\/2025\/05\/DSC_2963-300x200.jpg 300w, https:\/\/media1.jensgustafsson.se\/2025\/05\/DSC_2963-768x512.jpg 768w, https:\/\/media1.jensgustafsson.se\/2025\/05\/DSC_2963-1536x1024.jpg 1536w, https:\/\/media1.jensgustafsson.se\/2025\/05\/DSC_2963-2048x1365.jpg 2048w, https:\/\/media1.jensgustafsson.se\/2025\/05\/DSC_2963-450x300.jpg 450w\" sizes=\"auto, (max-width: 1024px) 100vw, 1024px\" \/><figcaption class=\"wp-element-caption\"><strong><em>Knopp p\u00e5 ett \u00e4ppeltr\u00e4d.<\/em><\/strong><\/figcaption><\/figure>\n\n\n\n<p class=\"has-medium-font-size\"><em>En sammanfattning fr\u00e5n min v\u00e4derstation, f\u00f6r de senaste 24 timmarna:<\/em><\/p>\n\n\n\n<p class=\"has-medium-font-size\"><strong>20250510 kl. 18.00<br \/>Min. temp: 6,1<br \/>Max. temp: 10,8 \u00b0C<br \/>Min. lufttryck: 1012,5 hPa<br \/>Max. lufttryck: 1020,5 hPa<br \/>Min.luftfuktigh. 56 %<br \/>Max.luftfuktigh. 83 %<br \/>Domin. vindriktn.: Nordostlig.<br \/>Maxvind: 4 m\/s.<br \/>Nederb\u00f6rd: 0 mm<\/strong><\/p>\n\n\n\n<figure class=\"wp-block-image size-large\"><img loading=\"lazy\" decoding=\"async\" width=\"1024\" height=\"463\" src=\"https:\/\/media1.jensgustafsson.se\/2025\/05\/image-21-1024x463.png\" alt=\"\" class=\"wp-image-35839\" srcset=\"https:\/\/media1.jensgustafsson.se\/2025\/05\/image-21-1024x463.png 1024w, https:\/\/media1.jensgustafsson.se\/2025\/05\/image-21-300x136.png 300w, https:\/\/media1.jensgustafsson.se\/2025\/05\/image-21-768x348.png 768w, https:\/\/media1.jensgustafsson.se\/2025\/05\/image-21-1536x695.png 1536w, https:\/\/media1.jensgustafsson.se\/2025\/05\/image-21-500x226.png 500w, https:\/\/media1.jensgustafsson.se\/2025\/05\/image-21.png 1843w\" sizes=\"auto, (max-width: 1024px) 100vw, 1024px\" \/><figcaption class=\"wp-element-caption\"><strong><em>M\u00e5nadens medeltemperatur \u00e4r t.o.m. idag 2,5 grader kallare j\u00e4mf\u00f6rt mot den normala.<\/em><\/strong><\/figcaption><\/figure>\n\n\n\n<figure class=\"wp-block-image size-large\"><img loading=\"lazy\" decoding=\"async\" width=\"1024\" height=\"537\" src=\"https:\/\/media1.jensgustafsson.se\/2025\/05\/image-22-1024x537.png\" alt=\"\" class=\"wp-image-35840\" srcset=\"https:\/\/media1.jensgustafsson.se\/2025\/05\/image-22-1024x537.png 1024w, https:\/\/media1.jensgustafsson.se\/2025\/05\/image-22-300x157.png 300w, https:\/\/media1.jensgustafsson.se\/2025\/05\/image-22-768x403.png 768w, https:\/\/media1.jensgustafsson.se\/2025\/05\/image-22-500x262.png 500w, https:\/\/media1.jensgustafsson.se\/2025\/05\/image-22.png 1485w\" sizes=\"auto, (max-width: 1024px) 100vw, 1024px\" \/><figcaption class=\"wp-element-caption\"><strong><em>M\u00e5nadens nederb\u00f6rd \u00e4r t.o.m. idag 49 % av den normala.<\/em><\/strong><\/figcaption><\/figure>\n","protected":false},"excerpt":{"rendered":"<p>Idag har molnen dominerat, och p\u00e5 morgonen och f\u00f6rmiddagen kom det n\u00e5gra l\u00e4tta regnst\u00e4nk ocks\u00e5. Den l\u00e4gsta temperaturen blev +6,1 grader, och den h\u00f6gsta blev +10,8 grader. En sm\u00e5kylig dag har det varit! Vinden har varit svag, och kommit fr\u00e5n &hellip; <a href=\"https:\/\/jensgustafsson.se\/?p=35830\">Forts\u00e4tt l\u00e4sa <span class=\"meta-nav\">&rarr;<\/span><\/a><\/p>\n","protected":false},"author":1,"featured_media":0,"comment_status":"open","ping_status":"closed","sticky":false,"template":"","format":"standard","meta":{"footnotes":""},"categories":[10],"tags":[],"class_list":["post-35830","post","type-post","status-publish","format-standard","hentry","category-vaderdagbok-2013"],"_links":{"self":[{"href":"https:\/\/jensgustafsson.se\/index.php?rest_route=\/wp\/v2\/posts\/35830","targetHints":{"allow":["GET"]}}],"collection":[{"href":"https:\/\/jensgustafsson.se\/index.php?rest_route=\/wp\/v2\/posts"}],"about":[{"href":"https:\/\/jensgustafsson.se\/index.php?rest_route=\/wp\/v2\/types\/post"}],"author":[{"embeddable":true,"href":"https:\/\/jensgustafsson.se\/index.php?rest_route=\/wp\/v2\/users\/1"}],"replies":[{"embeddable":true,"href":"https:\/\/jensgustafsson.se\/index.php?rest_route=%2Fwp%2Fv2%2Fcomments&post=35830"}],"version-history":[{"count":3,"href":"https:\/\/jensgustafsson.se\/index.php?rest_route=\/wp\/v2\/posts\/35830\/revisions"}],"predecessor-version":[{"id":35843,"href":"https:\/\/jensgustafsson.se\/index.php?rest_route=\/wp\/v2\/posts\/35830\/revisions\/35843"}],"wp:attachment":[{"href":"https:\/\/jensgustafsson.se\/index.php?rest_route=%2Fwp%2Fv2%2Fmedia&parent=35830"}],"wp:term":[{"taxonomy":"category","embeddable":true,"href":"https:\/\/jensgustafsson.se\/index.php?rest_route=%2Fwp%2Fv2%2Fcategories&post=35830"},{"taxonomy":"post_tag","embeddable":true,"href":"https:\/\/jensgustafsson.se\/index.php?rest_route=%2Fwp%2Fv2%2Ftags&post=35830"}],"curies":[{"name":"wp","href":"https:\/\/api.w.org\/{rel}","templated":true}]}}