{"id":35844,"date":"2025-05-11T17:07:48","date_gmt":"2025-05-11T16:07:48","guid":{"rendered":"https:\/\/jensgustafsson.se\/?p=35844"},"modified":"2025-05-11T17:08:56","modified_gmt":"2025-05-11T16:08:56","slug":"sondag-11-maj-2025","status":"publish","type":"post","link":"https:\/\/jensgustafsson.se\/?p=35844","title":{"rendered":"S\u00f6ndag 11 maj 2025."},"content":{"rendered":"\n<p class=\"has-medium-font-size\"><em>P\u00e5 morgonen var det n\u00e4stan klar himmel, och frost. Under dagen har det sedan varit v\u00e4xlande molnighet<\/em><\/p>\n\n\n\n<p class=\"has-medium-font-size\"><em>Den l\u00e4gsta temperaturen blev -0,1 grader, och den h\u00f6gsta blev +16,1 grader.<\/em><\/p>\n\n\n\n<p class=\"has-medium-font-size\"><em>Vinden har varit svag, och har v\u00e4xlat fram och tillbaka mellan riktningarna idag.<\/em><\/p>\n\n\n\n<figure class=\"wp-block-image size-large\"><img loading=\"lazy\" decoding=\"async\" width=\"1024\" height=\"683\" src=\"https:\/\/media1.jensgustafsson.se\/2025\/05\/DSC_2997-1024x683.jpg\" alt=\"\" class=\"wp-image-35846\" srcset=\"https:\/\/media1.jensgustafsson.se\/2025\/05\/DSC_2997-1024x683.jpg 1024w, https:\/\/media1.jensgustafsson.se\/2025\/05\/DSC_2997-300x200.jpg 300w, https:\/\/media1.jensgustafsson.se\/2025\/05\/DSC_2997-768x512.jpg 768w, https:\/\/media1.jensgustafsson.se\/2025\/05\/DSC_2997-1536x1024.jpg 1536w, https:\/\/media1.jensgustafsson.se\/2025\/05\/DSC_2997-2048x1365.jpg 2048w, https:\/\/media1.jensgustafsson.se\/2025\/05\/DSC_2997-450x300.jpg 450w\" sizes=\"auto, (max-width: 1024px) 100vw, 1024px\" \/><figcaption class=\"wp-element-caption\"><strong><em>Vid Br\u00e5hultsj\u00f6n, mellan Kristdala och Br\u00e5bo<\/em><\/strong> i eftermiddag.<\/figcaption><\/figure>\n\n\n\n<p class=\"has-medium-font-size\"><em>En sammanfattning fr\u00e5n min v\u00e4derstation, f\u00f6r de senaste 24 timmarna:<\/em><\/p>\n\n\n\n<p class=\"has-medium-font-size\"><strong>20250511 kl. 18.00<br \/>Min. temp: -0,1 \u00b0C<br \/>Max. temp: 16,1 \u00b0C<br \/>Min. lufttryck: 1017,7 hPa<br \/>Max. lufttryck: 1021,4 hPa<br \/>Min.luftfuktigh. 42 %<br \/>Max.luftfuktigh. 82 %<br \/>Domin. vindriktn.: V\u00e4xlande<br \/>Maxvind: 3 m\/s.<br \/>Nederb\u00f6rd: 0 mm<br \/><\/strong><\/p>\n\n\n\n<figure class=\"wp-block-image size-large\"><img loading=\"lazy\" decoding=\"async\" width=\"1024\" height=\"463\" src=\"https:\/\/media1.jensgustafsson.se\/2025\/05\/image-23-1024x463.png\" alt=\"\" class=\"wp-image-35849\" srcset=\"https:\/\/media1.jensgustafsson.se\/2025\/05\/image-23-1024x463.png 1024w, https:\/\/media1.jensgustafsson.se\/2025\/05\/image-23-300x136.png 300w, https:\/\/media1.jensgustafsson.se\/2025\/05\/image-23-768x348.png 768w, https:\/\/media1.jensgustafsson.se\/2025\/05\/image-23-1536x695.png 1536w, https:\/\/media1.jensgustafsson.se\/2025\/05\/image-23-500x226.png 500w, https:\/\/media1.jensgustafsson.se\/2025\/05\/image-23.png 1843w\" sizes=\"auto, (max-width: 1024px) 100vw, 1024px\" \/><figcaption class=\"wp-element-caption\"><strong><em>M\u00e5nadens medeltemperatur \u00e4r t.o.m. idag 2,6 grader kallare j\u00e4mf\u00f6rt mot den normala.<\/em><\/strong><\/figcaption><\/figure>\n\n\n\n<figure class=\"wp-block-image size-large\"><img loading=\"lazy\" decoding=\"async\" width=\"1024\" height=\"537\" src=\"https:\/\/media1.jensgustafsson.se\/2025\/05\/image-24-1024x537.png\" alt=\"\" class=\"wp-image-35850\" srcset=\"https:\/\/media1.jensgustafsson.se\/2025\/05\/image-24-1024x537.png 1024w, https:\/\/media1.jensgustafsson.se\/2025\/05\/image-24-300x157.png 300w, https:\/\/media1.jensgustafsson.se\/2025\/05\/image-24-768x403.png 768w, https:\/\/media1.jensgustafsson.se\/2025\/05\/image-24-500x262.png 500w, https:\/\/media1.jensgustafsson.se\/2025\/05\/image-24.png 1485w\" sizes=\"auto, (max-width: 1024px) 100vw, 1024px\" \/><figcaption class=\"wp-element-caption\"><strong><em>M\u00e5nadens nederb\u00f6rd \u00e4r t.o.m. idag 49 % av den normala.<\/em><\/strong><\/figcaption><\/figure>\n\n\n\n<p><\/p>\n","protected":false},"excerpt":{"rendered":"<p>P\u00e5 morgonen var det n\u00e4stan klar himmel, och frost. Under dagen har det sedan varit v\u00e4xlande molnighet Den l\u00e4gsta temperaturen blev -0,1 grader, och den h\u00f6gsta blev +16,1 grader. Vinden har varit svag, och har v\u00e4xlat fram och tillbaka mellan &hellip; <a href=\"https:\/\/jensgustafsson.se\/?p=35844\">Forts\u00e4tt l\u00e4sa <span class=\"meta-nav\">&rarr;<\/span><\/a><\/p>\n","protected":false},"author":1,"featured_media":0,"comment_status":"open","ping_status":"","sticky":false,"template":"","format":"standard","meta":{"footnotes":""},"categories":[10],"tags":[],"class_list":["post-35844","post","type-post","status-publish","format-standard","hentry","category-vaderdagbok-2013"],"_links":{"self":[{"href":"https:\/\/jensgustafsson.se\/index.php?rest_route=\/wp\/v2\/posts\/35844","targetHints":{"allow":["GET"]}}],"collection":[{"href":"https:\/\/jensgustafsson.se\/index.php?rest_route=\/wp\/v2\/posts"}],"about":[{"href":"https:\/\/jensgustafsson.se\/index.php?rest_route=\/wp\/v2\/types\/post"}],"author":[{"embeddable":true,"href":"https:\/\/jensgustafsson.se\/index.php?rest_route=\/wp\/v2\/users\/1"}],"replies":[{"embeddable":true,"href":"https:\/\/jensgustafsson.se\/index.php?rest_route=%2Fwp%2Fv2%2Fcomments&post=35844"}],"version-history":[{"count":7,"href":"https:\/\/jensgustafsson.se\/index.php?rest_route=\/wp\/v2\/posts\/35844\/revisions"}],"predecessor-version":[{"id":35857,"href":"https:\/\/jensgustafsson.se\/index.php?rest_route=\/wp\/v2\/posts\/35844\/revisions\/35857"}],"wp:attachment":[{"href":"https:\/\/jensgustafsson.se\/index.php?rest_route=%2Fwp%2Fv2%2Fmedia&parent=35844"}],"wp:term":[{"taxonomy":"category","embeddable":true,"href":"https:\/\/jensgustafsson.se\/index.php?rest_route=%2Fwp%2Fv2%2Fcategories&post=35844"},{"taxonomy":"post_tag","embeddable":true,"href":"https:\/\/jensgustafsson.se\/index.php?rest_route=%2Fwp%2Fv2%2Ftags&post=35844"}],"curies":[{"name":"wp","href":"https:\/\/api.w.org\/{rel}","templated":true}]}}