{"id":35867,"date":"2025-05-13T16:42:15","date_gmt":"2025-05-13T15:42:15","guid":{"rendered":"https:\/\/jensgustafsson.se\/?p=35867"},"modified":"2025-05-13T16:43:39","modified_gmt":"2025-05-13T15:43:39","slug":"tisdag-13-maj-2025","status":"publish","type":"post","link":"https:\/\/jensgustafsson.se\/?p=35867","title":{"rendered":"Tisdag 13 maj 2025."},"content":{"rendered":"\n<p class=\"has-medium-font-size\"><em>Morgonen och f\u00f6rmiddagen har varit solig idag. Fram mot lunch b\u00f6rjade det komma sl\u00f6jmoln, och de t\u00e4tnade allt mera, och det kom n\u00e5gra regnst\u00e4nk. P\u00e5 eftermiddagen har vi haft v\u00e4xlande molnighet och uppeh\u00e5llsv\u00e4der.<\/em><\/p>\n\n\n\n<p class=\"has-medium-font-size\"><em>\u00c5rets varmaste dag s\u00e5 h\u00e4r l\u00e5ngt, har vi haft idag, <strong>+22,4 grader <\/strong>blev den h\u00f6gsta temperaturen, och den l\u00e4gsta stannade p\u00e5 +5,2  grader.<\/em><\/p>\n\n\n\n<p class=\"has-medium-font-size\"><em>Vinden har varit svag till m\u00e5ttlig, och kommit fr\u00e5n sydv\u00e4st och v\u00e4st. Under eftermiddagen har den vridit till nordost.<\/em><\/p>\n\n\n\n<figure class=\"wp-block-image size-large\"><img loading=\"lazy\" decoding=\"async\" width=\"1024\" height=\"683\" src=\"https:\/\/media1.jensgustafsson.se\/2025\/05\/DSC_3066-1024x683.jpg\" alt=\"\" class=\"wp-image-35871\" srcset=\"https:\/\/media1.jensgustafsson.se\/2025\/05\/DSC_3066-1024x683.jpg 1024w, https:\/\/media1.jensgustafsson.se\/2025\/05\/DSC_3066-300x200.jpg 300w, https:\/\/media1.jensgustafsson.se\/2025\/05\/DSC_3066-768x512.jpg 768w, https:\/\/media1.jensgustafsson.se\/2025\/05\/DSC_3066-1536x1024.jpg 1536w, https:\/\/media1.jensgustafsson.se\/2025\/05\/DSC_3066-2048x1365.jpg 2048w, https:\/\/media1.jensgustafsson.se\/2025\/05\/DSC_3066-450x300.jpg 450w\" sizes=\"auto, (max-width: 1024px) 100vw, 1024px\" \/><figcaption class=\"wp-element-caption\"><strong><em>Vandring i bokskogen, Bokhultet vid B\u00f6ta Kvarn idag.<\/em><\/strong><\/figcaption><\/figure>\n\n\n\n<p class=\"has-medium-font-size\"><em>En sammanfattning fr\u00e5n min v\u00e4derstation, f\u00f6r de senaste 24 timmarna:<\/em><\/p>\n\n\n\n<p class=\"has-medium-font-size\"><strong>20250513 kl. 17.30<br \/>Min. temp: 5,2 \u00b0C<br \/>Max. temp: 22,4 \u00b0C<br \/>Min. lufttryck: 1009,9 hPa<br \/>Max. lufttryck: 1016 hPa<br \/>Min.luftfuktigh. 44 %<br \/>Max.luftfuktigh. 80 %<br \/>Domin. vindriktn.: V\u00e4stlig<br \/>Maxvind: 4 m\/s.<br \/>Nederb\u00f6rd: 0 mm<\/strong><\/p>\n\n\n\n<figure class=\"wp-block-image size-large\"><img loading=\"lazy\" decoding=\"async\" width=\"1024\" height=\"463\" src=\"https:\/\/media1.jensgustafsson.se\/2025\/05\/image-27-1024x463.png\" alt=\"\" class=\"wp-image-35875\" srcset=\"https:\/\/media1.jensgustafsson.se\/2025\/05\/image-27-1024x463.png 1024w, https:\/\/media1.jensgustafsson.se\/2025\/05\/image-27-300x136.png 300w, https:\/\/media1.jensgustafsson.se\/2025\/05\/image-27-768x348.png 768w, https:\/\/media1.jensgustafsson.se\/2025\/05\/image-27-1536x695.png 1536w, https:\/\/media1.jensgustafsson.se\/2025\/05\/image-27-500x226.png 500w, https:\/\/media1.jensgustafsson.se\/2025\/05\/image-27.png 1843w\" sizes=\"auto, (max-width: 1024px) 100vw, 1024px\" \/><figcaption class=\"wp-element-caption\"><strong><em>M\u00e5nadens medeltemperatur \u00e4r t.o.m. idag 2 grader kallare j\u00e4mf\u00f6rt mot den normala.<\/em><\/strong><\/figcaption><\/figure>\n\n\n\n<figure class=\"wp-block-image size-large\"><img loading=\"lazy\" decoding=\"async\" width=\"1024\" height=\"537\" src=\"https:\/\/media1.jensgustafsson.se\/2025\/05\/image-28-1024x537.png\" alt=\"\" class=\"wp-image-35876\" srcset=\"https:\/\/media1.jensgustafsson.se\/2025\/05\/image-28-1024x537.png 1024w, https:\/\/media1.jensgustafsson.se\/2025\/05\/image-28-300x157.png 300w, https:\/\/media1.jensgustafsson.se\/2025\/05\/image-28-768x403.png 768w, https:\/\/media1.jensgustafsson.se\/2025\/05\/image-28-500x262.png 500w, https:\/\/media1.jensgustafsson.se\/2025\/05\/image-28.png 1485w\" sizes=\"auto, (max-width: 1024px) 100vw, 1024px\" \/><figcaption class=\"wp-element-caption\"><strong><em>M\u00e5nadens nederb\u00f6rd \u00e4r t.o.m. idag 49 % av den normala.<\/em><\/strong><\/figcaption><\/figure>\n\n\n\n<p><\/p>\n","protected":false},"excerpt":{"rendered":"<p>Morgonen och f\u00f6rmiddagen har varit solig idag. Fram mot lunch b\u00f6rjade det komma sl\u00f6jmoln, och de t\u00e4tnade allt mera, och det kom n\u00e5gra regnst\u00e4nk. P\u00e5 eftermiddagen har vi haft v\u00e4xlande molnighet och uppeh\u00e5llsv\u00e4der. \u00c5rets varmaste dag s\u00e5 h\u00e4r l\u00e5ngt, har &hellip; <a href=\"https:\/\/jensgustafsson.se\/?p=35867\">Forts\u00e4tt l\u00e4sa <span class=\"meta-nav\">&rarr;<\/span><\/a><\/p>\n","protected":false},"author":1,"featured_media":0,"comment_status":"open","ping_status":"","sticky":false,"template":"","format":"standard","meta":{"footnotes":""},"categories":[10],"tags":[],"class_list":["post-35867","post","type-post","status-publish","format-standard","hentry","category-vaderdagbok-2013"],"_links":{"self":[{"href":"https:\/\/jensgustafsson.se\/index.php?rest_route=\/wp\/v2\/posts\/35867","targetHints":{"allow":["GET"]}}],"collection":[{"href":"https:\/\/jensgustafsson.se\/index.php?rest_route=\/wp\/v2\/posts"}],"about":[{"href":"https:\/\/jensgustafsson.se\/index.php?rest_route=\/wp\/v2\/types\/post"}],"author":[{"embeddable":true,"href":"https:\/\/jensgustafsson.se\/index.php?rest_route=\/wp\/v2\/users\/1"}],"replies":[{"embeddable":true,"href":"https:\/\/jensgustafsson.se\/index.php?rest_route=%2Fwp%2Fv2%2Fcomments&post=35867"}],"version-history":[{"count":7,"href":"https:\/\/jensgustafsson.se\/index.php?rest_route=\/wp\/v2\/posts\/35867\/revisions"}],"predecessor-version":[{"id":35879,"href":"https:\/\/jensgustafsson.se\/index.php?rest_route=\/wp\/v2\/posts\/35867\/revisions\/35879"}],"wp:attachment":[{"href":"https:\/\/jensgustafsson.se\/index.php?rest_route=%2Fwp%2Fv2%2Fmedia&parent=35867"}],"wp:term":[{"taxonomy":"category","embeddable":true,"href":"https:\/\/jensgustafsson.se\/index.php?rest_route=%2Fwp%2Fv2%2Fcategories&post=35867"},{"taxonomy":"post_tag","embeddable":true,"href":"https:\/\/jensgustafsson.se\/index.php?rest_route=%2Fwp%2Fv2%2Ftags&post=35867"}],"curies":[{"name":"wp","href":"https:\/\/api.w.org\/{rel}","templated":true}]}}