{"id":35873,"date":"2025-05-14T17:06:56","date_gmt":"2025-05-14T16:06:56","guid":{"rendered":"https:\/\/jensgustafsson.se\/?p=35873"},"modified":"2025-05-14T17:06:56","modified_gmt":"2025-05-14T16:06:56","slug":"onsdag-14-maj-2025","status":"publish","type":"post","link":"https:\/\/jensgustafsson.se\/?p=35873","title":{"rendered":"Onsdag 14 maj 2025."},"content":{"rendered":"\n<p class=\"has-medium-font-size\"><em>P\u00e5 morgonen och f\u00f6rmiddagen var det mulet idag. Vid lunchtid b\u00f6rjade molnt\u00e4cket spricka upp, och under eftermiddagen har vi haft v\u00e4xlande molnighet. Lite mera moln nu mot kv\u00e4llningen.<\/em><\/p>\n\n\n\n<p class=\"has-medium-font-size\"><em>Inte s\u00e5 varmt idag som ig\u00e5r, och vinden har varit v\u00e4ldigt kylig. Den l\u00e4gsta temperaturen blev +6,3 grader, och den h\u00f6gsta orkade bara upp till +13,6 grader idag.<\/em><\/p>\n\n\n\n<p class=\"has-medium-font-size\"><em>Vinden har varit m\u00e5ttlig till frisk, nordlig.<\/em><\/p>\n\n\n\n<figure class=\"wp-block-image size-large\"><img loading=\"lazy\" decoding=\"async\" width=\"1024\" height=\"768\" src=\"https:\/\/media1.jensgustafsson.se\/2025\/05\/14-maj-2025-1024x768.jpg\" alt=\"\" class=\"wp-image-35883\" srcset=\"https:\/\/media1.jensgustafsson.se\/2025\/05\/14-maj-2025-1024x768.jpg 1024w, https:\/\/media1.jensgustafsson.se\/2025\/05\/14-maj-2025-300x225.jpg 300w, https:\/\/media1.jensgustafsson.se\/2025\/05\/14-maj-2025-768x576.jpg 768w, https:\/\/media1.jensgustafsson.se\/2025\/05\/14-maj-2025-1536x1152.jpg 1536w, https:\/\/media1.jensgustafsson.se\/2025\/05\/14-maj-2025-400x300.jpg 400w, https:\/\/media1.jensgustafsson.se\/2025\/05\/14-maj-2025.jpg 1908w\" sizes=\"auto, (max-width: 1024px) 100vw, 1024px\" \/><figcaption class=\"wp-element-caption\"><strong><em>Gr\u00e5tt och kyligt p\u00e5 f\u00f6rmiddagspromenaden idag.<\/em><\/strong><\/figcaption><\/figure>\n\n\n\n<p class=\"has-medium-font-size\"><em>En sammanfattning fr\u00e5n min v\u00e4derstation, f\u00f6r de senaste 24 timmarna:<\/em><\/p>\n\n\n\n<p class=\"has-medium-font-size\"><strong>20250514 kl. 18.00<br \/>Min. temp: 6,3 \u00b0C<br \/>Max. temp: 13,6 \u00b0C<br \/>Min. lufttryck: 1007,8 hPa<br \/>Max. lufttryck: 1010,9 hPa<br \/>Min.luftfuktigh. 36 %<br \/>Max.luftfuktigh. 83 %<br \/>Domin. vindriktn.: Nordlig<br \/>Maxvind: 9 m\/s.<br \/>Nederb\u00f6rd: 0<\/strong><\/p>\n\n\n\n<figure class=\"wp-block-image size-large\"><img loading=\"lazy\" decoding=\"async\" width=\"1024\" height=\"463\" src=\"https:\/\/media1.jensgustafsson.se\/2025\/05\/image-29-1024x463.png\" alt=\"\" class=\"wp-image-35880\" srcset=\"https:\/\/media1.jensgustafsson.se\/2025\/05\/image-29-1024x463.png 1024w, https:\/\/media1.jensgustafsson.se\/2025\/05\/image-29-300x136.png 300w, https:\/\/media1.jensgustafsson.se\/2025\/05\/image-29-768x348.png 768w, https:\/\/media1.jensgustafsson.se\/2025\/05\/image-29-1536x695.png 1536w, https:\/\/media1.jensgustafsson.se\/2025\/05\/image-29-500x226.png 500w, https:\/\/media1.jensgustafsson.se\/2025\/05\/image-29.png 1843w\" sizes=\"auto, (max-width: 1024px) 100vw, 1024px\" \/><figcaption class=\"wp-element-caption\"><strong><em>M\u00e5nadens medeltemperatur \u00e4r t.o.m. idag 1,9 grader kallare j\u00e4mf\u00f6rt mot den normala.<\/em><\/strong><\/figcaption><\/figure>\n\n\n\n<figure class=\"wp-block-image size-large\"><img loading=\"lazy\" decoding=\"async\" width=\"1024\" height=\"537\" src=\"https:\/\/media1.jensgustafsson.se\/2025\/05\/image-30-1024x537.png\" alt=\"\" class=\"wp-image-35881\" srcset=\"https:\/\/media1.jensgustafsson.se\/2025\/05\/image-30-1024x537.png 1024w, https:\/\/media1.jensgustafsson.se\/2025\/05\/image-30-300x157.png 300w, https:\/\/media1.jensgustafsson.se\/2025\/05\/image-30-768x403.png 768w, https:\/\/media1.jensgustafsson.se\/2025\/05\/image-30-500x262.png 500w, https:\/\/media1.jensgustafsson.se\/2025\/05\/image-30.png 1485w\" sizes=\"auto, (max-width: 1024px) 100vw, 1024px\" \/><figcaption class=\"wp-element-caption\"><strong><em>M\u00e5nadens nederb\u00f6rd \u00e4r t.o.m. idag 49 % av den normala.<\/em><\/strong><\/figcaption><\/figure>\n\n\n\n<p><\/p>\n","protected":false},"excerpt":{"rendered":"<p>P\u00e5 morgonen och f\u00f6rmiddagen var det mulet idag. Vid lunchtid b\u00f6rjade molnt\u00e4cket spricka upp, och under eftermiddagen har vi haft v\u00e4xlande molnighet. Lite mera moln nu mot kv\u00e4llningen. Inte s\u00e5 varmt idag som ig\u00e5r, och vinden har varit v\u00e4ldigt kylig. &hellip; <a href=\"https:\/\/jensgustafsson.se\/?p=35873\">Forts\u00e4tt l\u00e4sa <span class=\"meta-nav\">&rarr;<\/span><\/a><\/p>\n","protected":false},"author":1,"featured_media":0,"comment_status":"open","ping_status":"","sticky":false,"template":"","format":"standard","meta":{"footnotes":""},"categories":[10],"tags":[],"class_list":["post-35873","post","type-post","status-publish","format-standard","hentry","category-vaderdagbok-2013"],"_links":{"self":[{"href":"https:\/\/jensgustafsson.se\/index.php?rest_route=\/wp\/v2\/posts\/35873","targetHints":{"allow":["GET"]}}],"collection":[{"href":"https:\/\/jensgustafsson.se\/index.php?rest_route=\/wp\/v2\/posts"}],"about":[{"href":"https:\/\/jensgustafsson.se\/index.php?rest_route=\/wp\/v2\/types\/post"}],"author":[{"embeddable":true,"href":"https:\/\/jensgustafsson.se\/index.php?rest_route=\/wp\/v2\/users\/1"}],"replies":[{"embeddable":true,"href":"https:\/\/jensgustafsson.se\/index.php?rest_route=%2Fwp%2Fv2%2Fcomments&post=35873"}],"version-history":[{"count":3,"href":"https:\/\/jensgustafsson.se\/index.php?rest_route=\/wp\/v2\/posts\/35873\/revisions"}],"predecessor-version":[{"id":35884,"href":"https:\/\/jensgustafsson.se\/index.php?rest_route=\/wp\/v2\/posts\/35873\/revisions\/35884"}],"wp:attachment":[{"href":"https:\/\/jensgustafsson.se\/index.php?rest_route=%2Fwp%2Fv2%2Fmedia&parent=35873"}],"wp:term":[{"taxonomy":"category","embeddable":true,"href":"https:\/\/jensgustafsson.se\/index.php?rest_route=%2Fwp%2Fv2%2Fcategories&post=35873"},{"taxonomy":"post_tag","embeddable":true,"href":"https:\/\/jensgustafsson.se\/index.php?rest_route=%2Fwp%2Fv2%2Ftags&post=35873"}],"curies":[{"name":"wp","href":"https:\/\/api.w.org\/{rel}","templated":true}]}}