{"id":35885,"date":"2025-05-15T17:24:31","date_gmt":"2025-05-15T16:24:31","guid":{"rendered":"https:\/\/jensgustafsson.se\/?p=35885"},"modified":"2025-05-15T17:24:31","modified_gmt":"2025-05-15T16:24:31","slug":"torsdag-15-maj-2025","status":"publish","type":"post","link":"https:\/\/jensgustafsson.se\/?p=35885","title":{"rendered":"Torsdag 15 maj 2025."},"content":{"rendered":"\n<p class=\"has-medium-font-size\"><em>P\u00e5 morgonen och f\u00f6rmiddagen var det mulet och det regnade. Fram mot lunch upph\u00f6rde regnet, molnt\u00e4cket sprack upp, och eftermiddagen har bjudit p\u00e5 v\u00e4xlande molnighet och uppeh\u00e5llsv\u00e4der.<\/em><\/p>\n\n\n\n<p class=\"has-medium-font-size\"><em>Den l\u00e4gsta temperaturen blev +4,6 grader, och den h\u00f6gsta blev +14,6 grader.<\/em><\/p>\n\n\n\n<p class=\"has-medium-font-size\"><em>Vinden har varit frisk, med h\u00e5rda vindbyar, och vindriktningen har varit \u00f6verv\u00e4gande nordlig.<\/em><\/p>\n\n\n\n<figure class=\"wp-block-image size-large\"><img loading=\"lazy\" decoding=\"async\" width=\"1024\" height=\"862\" src=\"https:\/\/media1.jensgustafsson.se\/2025\/05\/DSC_3081-1024x862.jpg\" alt=\"\" class=\"wp-image-35889\" srcset=\"https:\/\/media1.jensgustafsson.se\/2025\/05\/DSC_3081-1024x862.jpg 1024w, https:\/\/media1.jensgustafsson.se\/2025\/05\/DSC_3081-300x252.jpg 300w, https:\/\/media1.jensgustafsson.se\/2025\/05\/DSC_3081-768x646.jpg 768w, https:\/\/media1.jensgustafsson.se\/2025\/05\/DSC_3081-1536x1292.jpg 1536w, https:\/\/media1.jensgustafsson.se\/2025\/05\/DSC_3081-357x300.jpg 357w, https:\/\/media1.jensgustafsson.se\/2025\/05\/DSC_3081.jpg 1898w\" sizes=\"auto, (max-width: 1024px) 100vw, 1024px\" \/><figcaption class=\"wp-element-caption\"><strong><em>Casper h\u00e5ller sig under tak n\u00e4r det regnar \ud83d\ude42 <\/em><\/strong><\/figcaption><\/figure>\n\n\n\n<p class=\"has-medium-font-size\"><em>En sammanfattning fr\u00e5n min v\u00e4derstation, f\u00f6r de senaste 24 timmarna:<\/em><\/p>\n\n\n\n<p class=\"has-medium-font-size\"><strong>20250515 kl. 18.00<br \/>Min. temp: 4,6 \u00b0C<br \/>Max. temp: 14,6 \u00b0C<br \/>Min. lufttryck: 1007,6 hPa<br \/>Max. lufttryck: 1012 hPa<br \/>Min.luftfuktigh. 36 %<br \/>Max.luftfuktigh. 85 %<br \/>Domin. vindriktn.: Nordlig<br \/>Maxvind: 13 m\/s.<br \/>Nederb\u00f6rd: 2 mm<\/strong><\/p>\n\n\n\n<figure class=\"wp-block-image size-large\"><img loading=\"lazy\" decoding=\"async\" width=\"1024\" height=\"463\" src=\"https:\/\/media1.jensgustafsson.se\/2025\/05\/image-31-1024x463.png\" alt=\"\" class=\"wp-image-35886\" srcset=\"https:\/\/media1.jensgustafsson.se\/2025\/05\/image-31-1024x463.png 1024w, https:\/\/media1.jensgustafsson.se\/2025\/05\/image-31-300x136.png 300w, https:\/\/media1.jensgustafsson.se\/2025\/05\/image-31-768x348.png 768w, https:\/\/media1.jensgustafsson.se\/2025\/05\/image-31-1536x695.png 1536w, https:\/\/media1.jensgustafsson.se\/2025\/05\/image-31-500x226.png 500w, https:\/\/media1.jensgustafsson.se\/2025\/05\/image-31.png 1843w\" sizes=\"auto, (max-width: 1024px) 100vw, 1024px\" \/><figcaption class=\"wp-element-caption\"><strong><em>M\u00e5nadens medeltemperatur \u00e4r t.o.m. idag 1,9 grader kallare j\u00e4mf\u00f6rt mot den normala.<\/em><\/strong><\/figcaption><\/figure>\n\n\n\n<figure class=\"wp-block-image size-large\"><img loading=\"lazy\" decoding=\"async\" width=\"1024\" height=\"537\" src=\"https:\/\/media1.jensgustafsson.se\/2025\/05\/image-32-1024x537.png\" alt=\"\" class=\"wp-image-35887\" srcset=\"https:\/\/media1.jensgustafsson.se\/2025\/05\/image-32-1024x537.png 1024w, https:\/\/media1.jensgustafsson.se\/2025\/05\/image-32-300x157.png 300w, https:\/\/media1.jensgustafsson.se\/2025\/05\/image-32-768x403.png 768w, https:\/\/media1.jensgustafsson.se\/2025\/05\/image-32-500x262.png 500w, https:\/\/media1.jensgustafsson.se\/2025\/05\/image-32.png 1485w\" sizes=\"auto, (max-width: 1024px) 100vw, 1024px\" \/><figcaption class=\"wp-element-caption\"><strong><em>M\u00e5nadens nederb\u00f6rd \u00e4r t.o.m. idag 54 % av den normala.<\/em><\/strong><\/figcaption><\/figure>\n","protected":false},"excerpt":{"rendered":"<p>P\u00e5 morgonen och f\u00f6rmiddagen var det mulet och det regnade. Fram mot lunch upph\u00f6rde regnet, molnt\u00e4cket sprack upp, och eftermiddagen har bjudit p\u00e5 v\u00e4xlande molnighet och uppeh\u00e5llsv\u00e4der. Den l\u00e4gsta temperaturen blev +4,6 grader, och den h\u00f6gsta blev +14,6 grader. Vinden &hellip; <a href=\"https:\/\/jensgustafsson.se\/?p=35885\">Forts\u00e4tt l\u00e4sa <span class=\"meta-nav\">&rarr;<\/span><\/a><\/p>\n","protected":false},"author":1,"featured_media":0,"comment_status":"open","ping_status":"","sticky":false,"template":"","format":"standard","meta":{"footnotes":""},"categories":[10],"tags":[],"class_list":["post-35885","post","type-post","status-publish","format-standard","hentry","category-vaderdagbok-2013"],"_links":{"self":[{"href":"https:\/\/jensgustafsson.se\/index.php?rest_route=\/wp\/v2\/posts\/35885","targetHints":{"allow":["GET"]}}],"collection":[{"href":"https:\/\/jensgustafsson.se\/index.php?rest_route=\/wp\/v2\/posts"}],"about":[{"href":"https:\/\/jensgustafsson.se\/index.php?rest_route=\/wp\/v2\/types\/post"}],"author":[{"embeddable":true,"href":"https:\/\/jensgustafsson.se\/index.php?rest_route=\/wp\/v2\/users\/1"}],"replies":[{"embeddable":true,"href":"https:\/\/jensgustafsson.se\/index.php?rest_route=%2Fwp%2Fv2%2Fcomments&post=35885"}],"version-history":[{"count":2,"href":"https:\/\/jensgustafsson.se\/index.php?rest_route=\/wp\/v2\/posts\/35885\/revisions"}],"predecessor-version":[{"id":35890,"href":"https:\/\/jensgustafsson.se\/index.php?rest_route=\/wp\/v2\/posts\/35885\/revisions\/35890"}],"wp:attachment":[{"href":"https:\/\/jensgustafsson.se\/index.php?rest_route=%2Fwp%2Fv2%2Fmedia&parent=35885"}],"wp:term":[{"taxonomy":"category","embeddable":true,"href":"https:\/\/jensgustafsson.se\/index.php?rest_route=%2Fwp%2Fv2%2Fcategories&post=35885"},{"taxonomy":"post_tag","embeddable":true,"href":"https:\/\/jensgustafsson.se\/index.php?rest_route=%2Fwp%2Fv2%2Ftags&post=35885"}],"curies":[{"name":"wp","href":"https:\/\/api.w.org\/{rel}","templated":true}]}}