{"id":35891,"date":"2025-05-16T15:58:44","date_gmt":"2025-05-16T14:58:44","guid":{"rendered":"https:\/\/jensgustafsson.se\/?p=35891"},"modified":"2025-05-16T15:58:44","modified_gmt":"2025-05-16T14:58:44","slug":"fredag-16-maj-2025","status":"publish","type":"post","link":"https:\/\/jensgustafsson.se\/?p=35891","title":{"rendered":"Fredag 16 maj 2025."},"content":{"rendered":"\n<p class=\"has-medium-font-size\"><em>P\u00e5 morgonen idag var det helt molnfri himmel. Molnen kom ganska fort d\u00e4refter, och resten av dagen har det varit v\u00e4xlande molnighet, med en hel del sol mellan molnen.<\/em><\/p>\n\n\n\n<p class=\"has-medium-font-size\"><em>Den l\u00e4gsta temperaturen blev +5,4 grader, och den h\u00f6gsta blev +16,8 grader.<\/em><\/p>\n\n\n\n<p class=\"has-medium-font-size\"><em>Vinden har varit frisk, byig, och \u00f6verv\u00e4gande nordlig.<\/em><\/p>\n\n\n\n<figure class=\"wp-block-image size-large\"><img loading=\"lazy\" decoding=\"async\" width=\"1024\" height=\"683\" src=\"https:\/\/media1.jensgustafsson.se\/2025\/05\/DSC_3073-1024x683.jpg\" alt=\"\" class=\"wp-image-35893\" srcset=\"https:\/\/media1.jensgustafsson.se\/2025\/05\/DSC_3073-1024x683.jpg 1024w, https:\/\/media1.jensgustafsson.se\/2025\/05\/DSC_3073-300x200.jpg 300w, https:\/\/media1.jensgustafsson.se\/2025\/05\/DSC_3073-768x512.jpg 768w, https:\/\/media1.jensgustafsson.se\/2025\/05\/DSC_3073-1536x1024.jpg 1536w, https:\/\/media1.jensgustafsson.se\/2025\/05\/DSC_3073-2048x1365.jpg 2048w, https:\/\/media1.jensgustafsson.se\/2025\/05\/DSC_3073-450x300.jpg 450w\" sizes=\"auto, (max-width: 1024px) 100vw, 1024px\" \/><figcaption class=\"wp-element-caption\"><strong><em>Ett foto taget p\u00e5 L\u00e5ngem\u00e5la kyrka i veckan som g\u00e5tt.<\/em><\/strong><\/figcaption><\/figure>\n\n\n\n<p class=\"has-medium-font-size\"><em>En sammanfattning fr\u00e5n min v\u00e4derstation, f\u00f6r de senaste 24 timmarna:<\/em><\/p>\n\n\n\n<p class=\"has-medium-font-size\"><strong>20250516 kl. 17.00<br \/>Min. temp: 5,4 \u00b0C<br \/>Max. temp: 16,8 \u00b0C<br \/>Min. lufttryck: 1011,1 hPa<br \/>Max. lufttryck: 1012,8 hPa<br \/>Min.luftfuktigh. 43 %<br \/>Max.luftfuktigh. 69 %<br \/>Domin. vindriktn.: Nordlig<br \/>Maxvind: 10 m\/s.<br \/>Nederb\u00f6rd: 0 mm<\/strong><\/p>\n\n\n\n<figure class=\"wp-block-image size-large\"><img loading=\"lazy\" decoding=\"async\" width=\"1024\" height=\"463\" src=\"https:\/\/media1.jensgustafsson.se\/2025\/05\/image-33-1024x463.png\" alt=\"\" class=\"wp-image-35895\" srcset=\"https:\/\/media1.jensgustafsson.se\/2025\/05\/image-33-1024x463.png 1024w, https:\/\/media1.jensgustafsson.se\/2025\/05\/image-33-300x136.png 300w, https:\/\/media1.jensgustafsson.se\/2025\/05\/image-33-768x348.png 768w, https:\/\/media1.jensgustafsson.se\/2025\/05\/image-33-1536x695.png 1536w, https:\/\/media1.jensgustafsson.se\/2025\/05\/image-33-500x226.png 500w, https:\/\/media1.jensgustafsson.se\/2025\/05\/image-33.png 1843w\" sizes=\"auto, (max-width: 1024px) 100vw, 1024px\" \/><figcaption class=\"wp-element-caption\"><strong><em>M\u00e5nadens medeltemperatur \u00e4r t.o.m. idag 1,8 grader kallare j\u00e4mf\u00f6rt mot den normala.<\/em><\/strong><\/figcaption><\/figure>\n\n\n\n<figure class=\"wp-block-image size-large\"><img loading=\"lazy\" decoding=\"async\" width=\"1024\" height=\"537\" src=\"https:\/\/media1.jensgustafsson.se\/2025\/05\/image-34-1024x537.png\" alt=\"\" class=\"wp-image-35896\" srcset=\"https:\/\/media1.jensgustafsson.se\/2025\/05\/image-34-1024x537.png 1024w, https:\/\/media1.jensgustafsson.se\/2025\/05\/image-34-300x157.png 300w, https:\/\/media1.jensgustafsson.se\/2025\/05\/image-34-768x403.png 768w, https:\/\/media1.jensgustafsson.se\/2025\/05\/image-34-500x262.png 500w, https:\/\/media1.jensgustafsson.se\/2025\/05\/image-34.png 1485w\" sizes=\"auto, (max-width: 1024px) 100vw, 1024px\" \/><figcaption class=\"wp-element-caption\"><strong><em>M\u00e5nadens nederb\u00f6rd \u00e4r t.o.m. idag 54 % av den normala.<\/em><\/strong><\/figcaption><\/figure>\n","protected":false},"excerpt":{"rendered":"<p>P\u00e5 morgonen idag var det helt molnfri himmel. Molnen kom ganska fort d\u00e4refter, och resten av dagen har det varit v\u00e4xlande molnighet, med en hel del sol mellan molnen. Den l\u00e4gsta temperaturen blev +5,4 grader, och den h\u00f6gsta blev +16,8 &hellip; <a href=\"https:\/\/jensgustafsson.se\/?p=35891\">Forts\u00e4tt l\u00e4sa <span class=\"meta-nav\">&rarr;<\/span><\/a><\/p>\n","protected":false},"author":1,"featured_media":0,"comment_status":"open","ping_status":"","sticky":false,"template":"","format":"standard","meta":{"footnotes":""},"categories":[10],"tags":[],"class_list":["post-35891","post","type-post","status-publish","format-standard","hentry","category-vaderdagbok-2013"],"_links":{"self":[{"href":"https:\/\/jensgustafsson.se\/index.php?rest_route=\/wp\/v2\/posts\/35891","targetHints":{"allow":["GET"]}}],"collection":[{"href":"https:\/\/jensgustafsson.se\/index.php?rest_route=\/wp\/v2\/posts"}],"about":[{"href":"https:\/\/jensgustafsson.se\/index.php?rest_route=\/wp\/v2\/types\/post"}],"author":[{"embeddable":true,"href":"https:\/\/jensgustafsson.se\/index.php?rest_route=\/wp\/v2\/users\/1"}],"replies":[{"embeddable":true,"href":"https:\/\/jensgustafsson.se\/index.php?rest_route=%2Fwp%2Fv2%2Fcomments&post=35891"}],"version-history":[{"count":3,"href":"https:\/\/jensgustafsson.se\/index.php?rest_route=\/wp\/v2\/posts\/35891\/revisions"}],"predecessor-version":[{"id":35897,"href":"https:\/\/jensgustafsson.se\/index.php?rest_route=\/wp\/v2\/posts\/35891\/revisions\/35897"}],"wp:attachment":[{"href":"https:\/\/jensgustafsson.se\/index.php?rest_route=%2Fwp%2Fv2%2Fmedia&parent=35891"}],"wp:term":[{"taxonomy":"category","embeddable":true,"href":"https:\/\/jensgustafsson.se\/index.php?rest_route=%2Fwp%2Fv2%2Fcategories&post=35891"},{"taxonomy":"post_tag","embeddable":true,"href":"https:\/\/jensgustafsson.se\/index.php?rest_route=%2Fwp%2Fv2%2Ftags&post=35891"}],"curies":[{"name":"wp","href":"https:\/\/api.w.org\/{rel}","templated":true}]}}