{"id":35903,"date":"2025-05-18T17:23:15","date_gmt":"2025-05-18T16:23:15","guid":{"rendered":"https:\/\/jensgustafsson.se\/?p=35903"},"modified":"2025-05-18T17:23:15","modified_gmt":"2025-05-18T16:23:15","slug":"sondag-18-maj-2025","status":"publish","type":"post","link":"https:\/\/jensgustafsson.se\/?p=35903","title":{"rendered":"S\u00f6ndag 18 maj 2025."},"content":{"rendered":"\n<p class=\"has-medium-font-size\"><em>En dag d\u00e4r molnen har dominerat v\u00e4dret. Tidvis har det kommit n\u00e5gra regndroppar ocks\u00e5, men f\u00f6r lite f\u00f6r att regnm\u00e4taren skulle registrera n\u00e5got. Just nu kommer det lite regn igen ser jag utanf\u00f6r f\u00f6nstret, men om det blir m\u00e4tbart, s\u00e5 hamnar det p\u00e5 morgondagens registrering.<\/em><\/p>\n\n\n\n<p class=\"has-medium-font-size\"><em>Den l\u00e4gsta temperaturen blev +3,6 grader, och den h\u00f6gsta blev +16,2 grader.<\/em><\/p>\n\n\n\n<p class=\"has-medium-font-size\"><em>Vinden har \u00e4ven idag varit frisk, byig, och kommit fr\u00e5n nord, vilket inneb\u00e4r att den varit kylig.<\/em><\/p>\n\n\n\n<figure class=\"wp-block-image size-large\"><img loading=\"lazy\" decoding=\"async\" width=\"1024\" height=\"882\" src=\"https:\/\/media1.jensgustafsson.se\/2025\/05\/DSC_3113-1024x882.jpg\" alt=\"\" class=\"wp-image-35913\" srcset=\"https:\/\/media1.jensgustafsson.se\/2025\/05\/DSC_3113-1024x882.jpg 1024w, https:\/\/media1.jensgustafsson.se\/2025\/05\/DSC_3113-300x258.jpg 300w, https:\/\/media1.jensgustafsson.se\/2025\/05\/DSC_3113-768x661.jpg 768w, https:\/\/media1.jensgustafsson.se\/2025\/05\/DSC_3113-1536x1322.jpg 1536w, https:\/\/media1.jensgustafsson.se\/2025\/05\/DSC_3113-2048x1763.jpg 2048w, https:\/\/media1.jensgustafsson.se\/2025\/05\/DSC_3113-348x300.jpg 348w\" sizes=\"auto, (max-width: 1024px) 100vw, 1024px\" \/><figcaption class=\"wp-element-caption\"><strong><em>Stare med mat i munnen p\u00e5 morgonen idag.<\/em><\/strong><\/figcaption><\/figure>\n\n\n\n<p class=\"has-medium-font-size\"><em>En sammanfattning fr\u00e5n min v\u00e4derstation, f\u00f6r de senaste 24 timmarna:<\/em><\/p>\n\n\n\n<p class=\"has-medium-font-size\"><strong>20250518 kl. 17.30<br \/>Min. temp: 3,6 \u00b0C<br \/>Max. temp: 16,2 \u00b0C<br \/>Min. lufttryck: 1008,7 hPa<br \/>Max. lufttryck: 1011,1 hPa<br \/>Min.luftfuktigh. 43 %<br \/>Max.luftfuktigh. 84 %<br \/>Domin. vindriktn.: Nordlig<br \/>Maxvind: 10 m\/s.<br \/>Nederb\u00f6rd: 0 mm<\/strong><\/p>\n\n\n\n<figure class=\"wp-block-image size-large\"><img loading=\"lazy\" decoding=\"async\" width=\"1024\" height=\"463\" src=\"https:\/\/media1.jensgustafsson.se\/2025\/05\/image-37-1024x463.png\" alt=\"\" class=\"wp-image-35908\" srcset=\"https:\/\/media1.jensgustafsson.se\/2025\/05\/image-37-1024x463.png 1024w, https:\/\/media1.jensgustafsson.se\/2025\/05\/image-37-300x136.png 300w, https:\/\/media1.jensgustafsson.se\/2025\/05\/image-37-768x348.png 768w, https:\/\/media1.jensgustafsson.se\/2025\/05\/image-37-1536x695.png 1536w, https:\/\/media1.jensgustafsson.se\/2025\/05\/image-37-500x226.png 500w, https:\/\/media1.jensgustafsson.se\/2025\/05\/image-37.png 1843w\" sizes=\"auto, (max-width: 1024px) 100vw, 1024px\" \/><figcaption class=\"wp-element-caption\"><strong><em>M\u00e5nadens medeltemperatur \u00e4r t.o.m. idag 1,7 grader kallare j\u00e4mf\u00f6rt mot den normala.<\/em><\/strong><\/figcaption><\/figure>\n\n\n\n<figure class=\"wp-block-image size-large\"><img loading=\"lazy\" decoding=\"async\" width=\"1024\" height=\"537\" src=\"https:\/\/media1.jensgustafsson.se\/2025\/05\/image-38-1024x537.png\" alt=\"\" class=\"wp-image-35909\" srcset=\"https:\/\/media1.jensgustafsson.se\/2025\/05\/image-38-1024x537.png 1024w, https:\/\/media1.jensgustafsson.se\/2025\/05\/image-38-300x157.png 300w, https:\/\/media1.jensgustafsson.se\/2025\/05\/image-38-768x403.png 768w, https:\/\/media1.jensgustafsson.se\/2025\/05\/image-38-500x262.png 500w, https:\/\/media1.jensgustafsson.se\/2025\/05\/image-38.png 1485w\" sizes=\"auto, (max-width: 1024px) 100vw, 1024px\" \/><figcaption class=\"wp-element-caption\"><strong><em>M\u00e5nadens nederb\u00f6rd \u00e4r t.o.m. idag 57 % av den normala.<\/em><\/strong><\/figcaption><\/figure>\n\n\n\n<p><\/p>\n","protected":false},"excerpt":{"rendered":"<p>En dag d\u00e4r molnen har dominerat v\u00e4dret. Tidvis har det kommit n\u00e5gra regndroppar ocks\u00e5, men f\u00f6r lite f\u00f6r att regnm\u00e4taren skulle registrera n\u00e5got. Just nu kommer det lite regn igen ser jag utanf\u00f6r f\u00f6nstret, men om det blir m\u00e4tbart, s\u00e5 &hellip; <a href=\"https:\/\/jensgustafsson.se\/?p=35903\">Forts\u00e4tt l\u00e4sa <span class=\"meta-nav\">&rarr;<\/span><\/a><\/p>\n","protected":false},"author":1,"featured_media":0,"comment_status":"open","ping_status":"","sticky":false,"template":"","format":"standard","meta":{"footnotes":""},"categories":[10],"tags":[],"class_list":["post-35903","post","type-post","status-publish","format-standard","hentry","category-vaderdagbok-2013"],"_links":{"self":[{"href":"https:\/\/jensgustafsson.se\/index.php?rest_route=\/wp\/v2\/posts\/35903","targetHints":{"allow":["GET"]}}],"collection":[{"href":"https:\/\/jensgustafsson.se\/index.php?rest_route=\/wp\/v2\/posts"}],"about":[{"href":"https:\/\/jensgustafsson.se\/index.php?rest_route=\/wp\/v2\/types\/post"}],"author":[{"embeddable":true,"href":"https:\/\/jensgustafsson.se\/index.php?rest_route=\/wp\/v2\/users\/1"}],"replies":[{"embeddable":true,"href":"https:\/\/jensgustafsson.se\/index.php?rest_route=%2Fwp%2Fv2%2Fcomments&post=35903"}],"version-history":[{"count":4,"href":"https:\/\/jensgustafsson.se\/index.php?rest_route=\/wp\/v2\/posts\/35903\/revisions"}],"predecessor-version":[{"id":35914,"href":"https:\/\/jensgustafsson.se\/index.php?rest_route=\/wp\/v2\/posts\/35903\/revisions\/35914"}],"wp:attachment":[{"href":"https:\/\/jensgustafsson.se\/index.php?rest_route=%2Fwp%2Fv2%2Fmedia&parent=35903"}],"wp:term":[{"taxonomy":"category","embeddable":true,"href":"https:\/\/jensgustafsson.se\/index.php?rest_route=%2Fwp%2Fv2%2Fcategories&post=35903"},{"taxonomy":"post_tag","embeddable":true,"href":"https:\/\/jensgustafsson.se\/index.php?rest_route=%2Fwp%2Fv2%2Ftags&post=35903"}],"curies":[{"name":"wp","href":"https:\/\/api.w.org\/{rel}","templated":true}]}}