{"id":35929,"date":"2025-05-21T16:57:53","date_gmt":"2025-05-21T15:57:53","guid":{"rendered":"https:\/\/jensgustafsson.se\/?p=35929"},"modified":"2025-05-21T16:57:53","modified_gmt":"2025-05-21T15:57:53","slug":"onsdag-21-maj-2025","status":"publish","type":"post","link":"https:\/\/jensgustafsson.se\/?p=35929","title":{"rendered":"Onsdag 21 maj 2025."},"content":{"rendered":"\n<p class=\"has-medium-font-size\"><em>Dagen b\u00f6rjade med sol fr\u00e5n molnfri himmel. P\u00e5 f\u00f6rmiddagen b\u00f6rjade det komma moln, och resten av dagen har molnen dominerat, men \u00e4ven stunder med lite sol.<\/em><\/p>\n\n\n\n<p class=\"has-medium-font-size\"><em>Inte s\u00e5 varmt idag som ig\u00e5r, +17,3 grader hann termometern upp till, innan molnen s\u00e4nkte temperaturen. Kylig natt med bara +3,8 grader som l\u00e4gst.<\/em><\/p>\n\n\n\n<p class=\"has-medium-font-size\"><em>Vinden har  varit m\u00e5ttlig till frisk, och har v\u00e4xlat riktningar under dagen. Nu i kv\u00e4ll kommer den fr\u00e5n sydv\u00e4st.<\/em><\/p>\n\n\n\n<figure class=\"wp-block-image size-large\"><img loading=\"lazy\" decoding=\"async\" width=\"1024\" height=\"613\" src=\"https:\/\/media1.jensgustafsson.se\/2025\/05\/DSC_3149-1024x613.jpg\" alt=\"\" class=\"wp-image-35934\" srcset=\"https:\/\/media1.jensgustafsson.se\/2025\/05\/DSC_3149-1024x613.jpg 1024w, https:\/\/media1.jensgustafsson.se\/2025\/05\/DSC_3149-300x180.jpg 300w, https:\/\/media1.jensgustafsson.se\/2025\/05\/DSC_3149-768x460.jpg 768w, https:\/\/media1.jensgustafsson.se\/2025\/05\/DSC_3149-1536x920.jpg 1536w, https:\/\/media1.jensgustafsson.se\/2025\/05\/DSC_3149-2048x1227.jpg 2048w, https:\/\/media1.jensgustafsson.se\/2025\/05\/DSC_3149-500x300.jpg 500w\" sizes=\"auto, (max-width: 1024px) 100vw, 1024px\" \/><figcaption class=\"wp-element-caption\"><strong><em>Vid \u00d6vrasj\u00f6badet p\u00e5 f\u00f6rmiddagen idag.<\/em><\/strong><\/figcaption><\/figure>\n\n\n\n<p class=\"has-medium-font-size\"><em>En sammanfattning fr\u00e5n min v\u00e4derstation, f\u00f6r de senaste 24 timmarna:<\/em><\/p>\n\n\n\n<p class=\"has-medium-font-size\"><strong>20250521 kl. 18.00<br \/>Min. temp: 3,8 \u00b0C<br \/>Max. temp: 17,3 \u00b0C<br \/>Min. lufttryck: 996,3 hPa<br \/>Max. lufttryck: 1005,4 hPa<br \/>Min.luftfuktigh. 40 %<br \/>Max.luftfuktigh. 74 %<br \/>Domin. vindriktn.: V\u00e4xlande<br \/>Maxvind: 8 m\/s.<br \/>Nederb\u00f6rd: 0 mm<\/strong><\/p>\n\n\n\n<figure class=\"wp-block-image size-large\"><img loading=\"lazy\" decoding=\"async\" width=\"1024\" height=\"463\" src=\"https:\/\/media1.jensgustafsson.se\/2025\/05\/image-43-1024x463.png\" alt=\"\" class=\"wp-image-35937\" srcset=\"https:\/\/media1.jensgustafsson.se\/2025\/05\/image-43-1024x463.png 1024w, https:\/\/media1.jensgustafsson.se\/2025\/05\/image-43-300x136.png 300w, https:\/\/media1.jensgustafsson.se\/2025\/05\/image-43-768x348.png 768w, https:\/\/media1.jensgustafsson.se\/2025\/05\/image-43-1536x695.png 1536w, https:\/\/media1.jensgustafsson.se\/2025\/05\/image-43-500x226.png 500w, https:\/\/media1.jensgustafsson.se\/2025\/05\/image-43.png 1843w\" sizes=\"auto, (max-width: 1024px) 100vw, 1024px\" \/><figcaption class=\"wp-element-caption\"><strong><em>M\u00e5nadens medeltemperatur \u00e4r t.o.m. idag 1,2 grader kallare j\u00e4mf\u00f6rt mot den normala.<\/em><\/strong><\/figcaption><\/figure>\n\n\n\n<figure class=\"wp-block-image size-large\"><img loading=\"lazy\" decoding=\"async\" width=\"1024\" height=\"537\" src=\"https:\/\/media1.jensgustafsson.se\/2025\/05\/image-44-1024x537.png\" alt=\"\" class=\"wp-image-35938\" srcset=\"https:\/\/media1.jensgustafsson.se\/2025\/05\/image-44-1024x537.png 1024w, https:\/\/media1.jensgustafsson.se\/2025\/05\/image-44-300x157.png 300w, https:\/\/media1.jensgustafsson.se\/2025\/05\/image-44-768x403.png 768w, https:\/\/media1.jensgustafsson.se\/2025\/05\/image-44-500x262.png 500w, https:\/\/media1.jensgustafsson.se\/2025\/05\/image-44.png 1485w\" sizes=\"auto, (max-width: 1024px) 100vw, 1024px\" \/><figcaption class=\"wp-element-caption\"><strong><em>M\u00e5nadens nederb\u00f6rd \u00e4r t.o.m. idag 57 % av den normala.<\/em><\/strong><\/figcaption><\/figure>\n\n\n\n<p><\/p>\n","protected":false},"excerpt":{"rendered":"<p>Dagen b\u00f6rjade med sol fr\u00e5n molnfri himmel. P\u00e5 f\u00f6rmiddagen b\u00f6rjade det komma moln, och resten av dagen har molnen dominerat, men \u00e4ven stunder med lite sol. Inte s\u00e5 varmt idag som ig\u00e5r, +17,3 grader hann termometern upp till, innan molnen &hellip; <a href=\"https:\/\/jensgustafsson.se\/?p=35929\">Forts\u00e4tt l\u00e4sa <span class=\"meta-nav\">&rarr;<\/span><\/a><\/p>\n","protected":false},"author":1,"featured_media":0,"comment_status":"closed","ping_status":"","sticky":false,"template":"","format":"standard","meta":{"footnotes":""},"categories":[10],"tags":[],"class_list":["post-35929","post","type-post","status-publish","format-standard","hentry","category-vaderdagbok-2013"],"_links":{"self":[{"href":"https:\/\/jensgustafsson.se\/index.php?rest_route=\/wp\/v2\/posts\/35929","targetHints":{"allow":["GET"]}}],"collection":[{"href":"https:\/\/jensgustafsson.se\/index.php?rest_route=\/wp\/v2\/posts"}],"about":[{"href":"https:\/\/jensgustafsson.se\/index.php?rest_route=\/wp\/v2\/types\/post"}],"author":[{"embeddable":true,"href":"https:\/\/jensgustafsson.se\/index.php?rest_route=\/wp\/v2\/users\/1"}],"replies":[{"embeddable":true,"href":"https:\/\/jensgustafsson.se\/index.php?rest_route=%2Fwp%2Fv2%2Fcomments&post=35929"}],"version-history":[{"count":4,"href":"https:\/\/jensgustafsson.se\/index.php?rest_route=\/wp\/v2\/posts\/35929\/revisions"}],"predecessor-version":[{"id":35939,"href":"https:\/\/jensgustafsson.se\/index.php?rest_route=\/wp\/v2\/posts\/35929\/revisions\/35939"}],"wp:attachment":[{"href":"https:\/\/jensgustafsson.se\/index.php?rest_route=%2Fwp%2Fv2%2Fmedia&parent=35929"}],"wp:term":[{"taxonomy":"category","embeddable":true,"href":"https:\/\/jensgustafsson.se\/index.php?rest_route=%2Fwp%2Fv2%2Fcategories&post=35929"},{"taxonomy":"post_tag","embeddable":true,"href":"https:\/\/jensgustafsson.se\/index.php?rest_route=%2Fwp%2Fv2%2Ftags&post=35929"}],"curies":[{"name":"wp","href":"https:\/\/api.w.org\/{rel}","templated":true}]}}