{"id":35940,"date":"2025-05-22T16:40:38","date_gmt":"2025-05-22T15:40:38","guid":{"rendered":"https:\/\/jensgustafsson.se\/?p=35940"},"modified":"2025-05-23T04:03:45","modified_gmt":"2025-05-23T03:03:45","slug":"torsdag-21-maj-2025","status":"publish","type":"post","link":"https:\/\/jensgustafsson.se\/?p=35940","title":{"rendered":"Torsdag 22 maj 2025."},"content":{"rendered":"\n<p class=\"has-medium-font-size\"><em>Idag har vi haft en dag med v\u00e4xlande molnighet och regnskurar. Kortare perioder med sol, som snabbt bytts ut mot regnskurar. Regnet beh\u00f6vs, men det har inte varit n\u00e5gon v\u00e4rme heller, s\u00e5 rej\u00e4lt bakslag p\u00e5 v\u00e5ren, och l\u00e5ngt fr\u00e5n h\u00f6gsommarv\u00e4rmen som vi hade f\u00f6r tv\u00e5 dagar sedan.<\/em><\/p>\n\n\n\n<p class=\"has-medium-font-size\"><em>Den l\u00e4gsta temperaturen blev +5,8 grader, och den h\u00f6gsta blev +11,8 grader.<\/em><\/p>\n\n\n\n<p class=\"has-medium-font-size\"><em>Vinden har varit m\u00e5ttlig, nordostlig idag.<\/em><\/p>\n\n\n\n<figure class=\"wp-block-image size-large\"><img loading=\"lazy\" decoding=\"async\" width=\"1024\" height=\"683\" src=\"https:\/\/media1.jensgustafsson.se\/2025\/05\/DSC_3197-1024x683.jpg\" alt=\"\" class=\"wp-image-35943\" srcset=\"https:\/\/media1.jensgustafsson.se\/2025\/05\/DSC_3197-1024x683.jpg 1024w, https:\/\/media1.jensgustafsson.se\/2025\/05\/DSC_3197-300x200.jpg 300w, https:\/\/media1.jensgustafsson.se\/2025\/05\/DSC_3197-768x512.jpg 768w, https:\/\/media1.jensgustafsson.se\/2025\/05\/DSC_3197-1536x1024.jpg 1536w, https:\/\/media1.jensgustafsson.se\/2025\/05\/DSC_3197-2048x1365.jpg 2048w, https:\/\/media1.jensgustafsson.se\/2025\/05\/DSC_3197-450x300.jpg 450w\" sizes=\"auto, (max-width: 1024px) 100vw, 1024px\" \/><figcaption class=\"wp-element-caption\"><strong><em>Liljekonvaljerna har f\u00e5tt lite regn p\u00e5 sig i det kyliga v\u00e4dret idag.<\/em><\/strong><\/figcaption><\/figure>\n\n\n\n<p class=\"has-medium-font-size\"><em>En sammanfattning fr\u00e5n min v\u00e4derstation, f\u00f6r de senaste 24 timmarna:<\/em><\/p>\n\n\n\n<p class=\"has-medium-font-size\"><strong>20250522 kl. 17.30<br \/>Min. temp: 5,8 \u00b0C<br \/>Max. temp: 11,8 \u00b0C<br \/>Min. lufttryck: 995 hPa<br \/>Max. lufttryck: 998,4 hPa<br \/>Min.luftfuktigh. 62 %<br \/>Max.luftfuktigh. 85 %<br \/>Domin. vindriktn.: Nordostlig<br \/>Maxvind: 6 m\/s.<br \/>Nederb\u00f6rd: 6 mm<\/strong><\/p>\n\n\n\n<p class=\"has-medium-font-size\"><\/p>\n\n\n\n<figure class=\"wp-block-image size-large\"><img loading=\"lazy\" decoding=\"async\" width=\"1024\" height=\"463\" src=\"https:\/\/media1.jensgustafsson.se\/2025\/05\/image-45-1024x463.png\" alt=\"\" class=\"wp-image-35945\" srcset=\"https:\/\/media1.jensgustafsson.se\/2025\/05\/image-45-1024x463.png 1024w, https:\/\/media1.jensgustafsson.se\/2025\/05\/image-45-300x136.png 300w, https:\/\/media1.jensgustafsson.se\/2025\/05\/image-45-768x348.png 768w, https:\/\/media1.jensgustafsson.se\/2025\/05\/image-45-1536x695.png 1536w, https:\/\/media1.jensgustafsson.se\/2025\/05\/image-45-500x226.png 500w, https:\/\/media1.jensgustafsson.se\/2025\/05\/image-45.png 1843w\" sizes=\"auto, (max-width: 1024px) 100vw, 1024px\" \/><figcaption class=\"wp-element-caption\"><strong><em>M\u00e5nadens medeltemperatur \u00e4r t.o.m. idag 1,2 grader kallare j\u00e4mf\u00f6rt mot den normala.<\/em><\/strong><\/figcaption><\/figure>\n\n\n\n<p class=\"has-medium-font-size\"><\/p>\n\n\n\n<figure class=\"wp-block-image size-large\"><img loading=\"lazy\" decoding=\"async\" width=\"1024\" height=\"537\" src=\"https:\/\/media1.jensgustafsson.se\/2025\/05\/image-46-1024x537.png\" alt=\"\" class=\"wp-image-35946\" srcset=\"https:\/\/media1.jensgustafsson.se\/2025\/05\/image-46-1024x537.png 1024w, https:\/\/media1.jensgustafsson.se\/2025\/05\/image-46-300x157.png 300w, https:\/\/media1.jensgustafsson.se\/2025\/05\/image-46-768x403.png 768w, https:\/\/media1.jensgustafsson.se\/2025\/05\/image-46-500x262.png 500w, https:\/\/media1.jensgustafsson.se\/2025\/05\/image-46.png 1485w\" sizes=\"auto, (max-width: 1024px) 100vw, 1024px\" \/><figcaption class=\"wp-element-caption\"><strong><em>M\u00e5nadens nederb\u00f6rd \u00e4r t.o.m. idag 70 % av den normala.<\/em><\/strong><\/figcaption><\/figure>\n\n\n\n<p class=\"has-medium-font-size\"><\/p>\n\n\n\n<p><\/p>\n","protected":false},"excerpt":{"rendered":"<p>Idag har vi haft en dag med v\u00e4xlande molnighet och regnskurar. Kortare perioder med sol, som snabbt bytts ut mot regnskurar. Regnet beh\u00f6vs, men det har inte varit n\u00e5gon v\u00e4rme heller, s\u00e5 rej\u00e4lt bakslag p\u00e5 v\u00e5ren, och l\u00e5ngt fr\u00e5n h\u00f6gsommarv\u00e4rmen &hellip; <a href=\"https:\/\/jensgustafsson.se\/?p=35940\">Forts\u00e4tt l\u00e4sa <span class=\"meta-nav\">&rarr;<\/span><\/a><\/p>\n","protected":false},"author":1,"featured_media":0,"comment_status":"closed","ping_status":"","sticky":false,"template":"","format":"standard","meta":{"footnotes":""},"categories":[10],"tags":[],"class_list":["post-35940","post","type-post","status-publish","format-standard","hentry","category-vaderdagbok-2013"],"_links":{"self":[{"href":"https:\/\/jensgustafsson.se\/index.php?rest_route=\/wp\/v2\/posts\/35940","targetHints":{"allow":["GET"]}}],"collection":[{"href":"https:\/\/jensgustafsson.se\/index.php?rest_route=\/wp\/v2\/posts"}],"about":[{"href":"https:\/\/jensgustafsson.se\/index.php?rest_route=\/wp\/v2\/types\/post"}],"author":[{"embeddable":true,"href":"https:\/\/jensgustafsson.se\/index.php?rest_route=\/wp\/v2\/users\/1"}],"replies":[{"embeddable":true,"href":"https:\/\/jensgustafsson.se\/index.php?rest_route=%2Fwp%2Fv2%2Fcomments&post=35940"}],"version-history":[{"count":5,"href":"https:\/\/jensgustafsson.se\/index.php?rest_route=\/wp\/v2\/posts\/35940\/revisions"}],"predecessor-version":[{"id":35948,"href":"https:\/\/jensgustafsson.se\/index.php?rest_route=\/wp\/v2\/posts\/35940\/revisions\/35948"}],"wp:attachment":[{"href":"https:\/\/jensgustafsson.se\/index.php?rest_route=%2Fwp%2Fv2%2Fmedia&parent=35940"}],"wp:term":[{"taxonomy":"category","embeddable":true,"href":"https:\/\/jensgustafsson.se\/index.php?rest_route=%2Fwp%2Fv2%2Fcategories&post=35940"},{"taxonomy":"post_tag","embeddable":true,"href":"https:\/\/jensgustafsson.se\/index.php?rest_route=%2Fwp%2Fv2%2Ftags&post=35940"}],"curies":[{"name":"wp","href":"https:\/\/api.w.org\/{rel}","templated":true}]}}