{"id":35949,"date":"2025-05-23T18:18:14","date_gmt":"2025-05-23T17:18:14","guid":{"rendered":"https:\/\/jensgustafsson.se\/?p=35949"},"modified":"2025-05-23T19:03:45","modified_gmt":"2025-05-23T18:03:45","slug":"fredag-23-maj-2025","status":"publish","type":"post","link":"https:\/\/jensgustafsson.se\/?p=35949","title":{"rendered":"Fredag 23 maj 2025."},"content":{"rendered":"\n<p class=\"has-medium-font-size\"> <em>Idag har vi haft en dag med vad man kan kalla &#8221;aprilv\u00e4der&#8221;. V\u00e4xlande molnighet med regnskurar b\u00e5de under natten och under dagen. Bakslaget p\u00e5 v\u00e5rv\u00e4dret har varit  ordentligt k\u00e4nnbart idag.<\/em><\/p>\n\n\n\n<p class=\"has-medium-font-size\"> <em>Den l\u00e4gsta temperaturen blev +4,4 grader, och den h\u00f6gsta blev +12,6 grader.<\/em><\/p>\n\n\n\n<p class=\"has-medium-font-size\"><em> Vinden har varit m\u00e5ttlig till frisk, sydv\u00e4stlig, och den har varit mycket kylig.<\/em><\/p>\n\n\n\n<figure class=\"wp-block-image size-large\"><img loading=\"lazy\" decoding=\"async\" width=\"1024\" height=\"768\" src=\"https:\/\/media1.jensgustafsson.se\/2025\/05\/23-maj-2025-3-1024x768.jpg\" alt=\"\" class=\"wp-image-35956\" srcset=\"https:\/\/media1.jensgustafsson.se\/2025\/05\/23-maj-2025-3-1024x768.jpg 1024w, https:\/\/media1.jensgustafsson.se\/2025\/05\/23-maj-2025-3-300x225.jpg 300w, https:\/\/media1.jensgustafsson.se\/2025\/05\/23-maj-2025-3-768x576.jpg 768w, https:\/\/media1.jensgustafsson.se\/2025\/05\/23-maj-2025-3-1536x1152.jpg 1536w, https:\/\/media1.jensgustafsson.se\/2025\/05\/23-maj-2025-3-400x300.jpg 400w, https:\/\/media1.jensgustafsson.se\/2025\/05\/23-maj-2025-3.jpg 1920w\" sizes=\"auto, (max-width: 1024px) 100vw, 1024px\" \/><figcaption class=\"wp-element-caption\"><strong><em>Vid sj\u00f6n Sm\u00e4lten i eftermiddag. N\u00e4sta regnskur st\u00e5r p\u00e5 tur p\u00e5 andra sidan sj\u00f6n.<\/em><\/strong><\/figcaption><\/figure>\n\n\n\n<p class=\"has-medium-font-size\"><em>En sammanfattning fr\u00e5n min v\u00e4derstation, f\u00f6r de senaste 24 timmarna:<\/em><\/p>\n\n\n\n<p class=\"has-medium-font-size\"><strong>20250523 kl. 19.00<br \/>Min. temp: 4,4 \u00b0C<br \/>Max. temp: 12,6 \u00b0C<br \/>Min. lufttryck: 996,4 hPa<br \/>Max. lufttryck: 1003,8 hPa<br \/>Min.luftfuktigh. 61 %<br \/>Max.luftfuktigh. 85 %<br \/>Domin. vindriktn.: Sydv\u00e4stlig<br \/>Maxvind: 9 m\/s.<br \/>Nederb\u00f6rd: 6 mm<\/strong><\/p>\n\n\n\n<figure class=\"wp-block-image size-large\"><img loading=\"lazy\" decoding=\"async\" width=\"1024\" height=\"463\" src=\"https:\/\/media1.jensgustafsson.se\/2025\/05\/image-47-1024x463.png\" alt=\"\" class=\"wp-image-35950\" srcset=\"https:\/\/media1.jensgustafsson.se\/2025\/05\/image-47-1024x463.png 1024w, https:\/\/media1.jensgustafsson.se\/2025\/05\/image-47-300x136.png 300w, https:\/\/media1.jensgustafsson.se\/2025\/05\/image-47-768x348.png 768w, https:\/\/media1.jensgustafsson.se\/2025\/05\/image-47-1536x695.png 1536w, https:\/\/media1.jensgustafsson.se\/2025\/05\/image-47-500x226.png 500w, https:\/\/media1.jensgustafsson.se\/2025\/05\/image-47.png 1843w\" sizes=\"auto, (max-width: 1024px) 100vw, 1024px\" \/><figcaption class=\"wp-element-caption\"><strong><em>M\u00e5nadens medeltemperatur \u00e4r t.o.m. idag 1,3 grader kallare j\u00e4mf\u00f6rt mot den normala.<\/em><\/strong><\/figcaption><\/figure>\n\n\n\n<figure class=\"wp-block-image size-large\"><img loading=\"lazy\" decoding=\"async\" width=\"1024\" height=\"537\" src=\"https:\/\/media1.jensgustafsson.se\/2025\/05\/image-48-1024x537.png\" alt=\"\" class=\"wp-image-35951\" srcset=\"https:\/\/media1.jensgustafsson.se\/2025\/05\/image-48-1024x537.png 1024w, https:\/\/media1.jensgustafsson.se\/2025\/05\/image-48-300x157.png 300w, https:\/\/media1.jensgustafsson.se\/2025\/05\/image-48-768x403.png 768w, https:\/\/media1.jensgustafsson.se\/2025\/05\/image-48-500x262.png 500w, https:\/\/media1.jensgustafsson.se\/2025\/05\/image-48.png 1485w\" sizes=\"auto, (max-width: 1024px) 100vw, 1024px\" \/><figcaption class=\"wp-element-caption\"><strong><em>M\u00e5nadens nederb\u00f6rd \u00e4r t.o.m. idag 83 % av den normala.<\/em><\/strong><\/figcaption><\/figure>\n","protected":false},"excerpt":{"rendered":"<p>Idag har vi haft en dag med vad man kan kalla &#8221;aprilv\u00e4der&#8221;. V\u00e4xlande molnighet med regnskurar b\u00e5de under natten och under dagen. Bakslaget p\u00e5 v\u00e5rv\u00e4dret har varit ordentligt k\u00e4nnbart idag. Den l\u00e4gsta temperaturen blev +4,4 grader, och den h\u00f6gsta blev &hellip; <a href=\"https:\/\/jensgustafsson.se\/?p=35949\">Forts\u00e4tt l\u00e4sa <span class=\"meta-nav\">&rarr;<\/span><\/a><\/p>\n","protected":false},"author":1,"featured_media":0,"comment_status":"open","ping_status":"","sticky":false,"template":"","format":"standard","meta":{"footnotes":""},"categories":[10],"tags":[],"class_list":["post-35949","post","type-post","status-publish","format-standard","hentry","category-vaderdagbok-2013"],"_links":{"self":[{"href":"https:\/\/jensgustafsson.se\/index.php?rest_route=\/wp\/v2\/posts\/35949","targetHints":{"allow":["GET"]}}],"collection":[{"href":"https:\/\/jensgustafsson.se\/index.php?rest_route=\/wp\/v2\/posts"}],"about":[{"href":"https:\/\/jensgustafsson.se\/index.php?rest_route=\/wp\/v2\/types\/post"}],"author":[{"embeddable":true,"href":"https:\/\/jensgustafsson.se\/index.php?rest_route=\/wp\/v2\/users\/1"}],"replies":[{"embeddable":true,"href":"https:\/\/jensgustafsson.se\/index.php?rest_route=%2Fwp%2Fv2%2Fcomments&post=35949"}],"version-history":[{"count":5,"href":"https:\/\/jensgustafsson.se\/index.php?rest_route=\/wp\/v2\/posts\/35949\/revisions"}],"predecessor-version":[{"id":35959,"href":"https:\/\/jensgustafsson.se\/index.php?rest_route=\/wp\/v2\/posts\/35949\/revisions\/35959"}],"wp:attachment":[{"href":"https:\/\/jensgustafsson.se\/index.php?rest_route=%2Fwp%2Fv2%2Fmedia&parent=35949"}],"wp:term":[{"taxonomy":"category","embeddable":true,"href":"https:\/\/jensgustafsson.se\/index.php?rest_route=%2Fwp%2Fv2%2Fcategories&post=35949"},{"taxonomy":"post_tag","embeddable":true,"href":"https:\/\/jensgustafsson.se\/index.php?rest_route=%2Fwp%2Fv2%2Ftags&post=35949"}],"curies":[{"name":"wp","href":"https:\/\/api.w.org\/{rel}","templated":true}]}}