{"id":35979,"date":"2025-05-26T17:36:04","date_gmt":"2025-05-26T16:36:04","guid":{"rendered":"https:\/\/jensgustafsson.se\/?p=35979"},"modified":"2025-05-27T17:16:33","modified_gmt":"2025-05-27T16:16:33","slug":"mandag-26-maj-2025","status":"publish","type":"post","link":"https:\/\/jensgustafsson.se\/?p=35979","title":{"rendered":"M\u00e5ndag 26 maj 2025."},"content":{"rendered":"\n<p class=\"has-medium-font-size\"><em>Under natten till idag kom det lite regn. Lite sol tidigt p\u00e5 morgonen, sedan kom det moln, men de l\u00e4ttade fram p\u00e5 dagen, och d\u00e4refter har vi haft v\u00e4xlande molnighet med en hel del sol.<\/em><\/p>\n\n\n\n<p class=\"has-medium-font-size\"><em>Den l\u00e4gsta temperaturen blev +10,9 grader, och den h\u00f6gsta blev +20,4 grader.<\/em><\/p>\n\n\n\n<p class=\"has-medium-font-size\"><em>Vinden har varit m\u00e5ttlig, och var f\u00f6rst sydlig, men har sv\u00e4ngt mot v\u00e4st nu mot kv\u00e4llningen.<\/em><\/p>\n\n\n\n<figure class=\"wp-block-image size-large\"><img loading=\"lazy\" decoding=\"async\" width=\"1024\" height=\"768\" src=\"https:\/\/media1.jensgustafsson.se\/2025\/05\/26-maj-2025-1024x768.jpg\" alt=\"\" class=\"wp-image-35980\" srcset=\"https:\/\/media1.jensgustafsson.se\/2025\/05\/26-maj-2025-1024x768.jpg 1024w, https:\/\/media1.jensgustafsson.se\/2025\/05\/26-maj-2025-300x225.jpg 300w, https:\/\/media1.jensgustafsson.se\/2025\/05\/26-maj-2025-768x576.jpg 768w, https:\/\/media1.jensgustafsson.se\/2025\/05\/26-maj-2025-1536x1152.jpg 1536w, https:\/\/media1.jensgustafsson.se\/2025\/05\/26-maj-2025-400x300.jpg 400w, https:\/\/media1.jensgustafsson.se\/2025\/05\/26-maj-2025.jpg 1920w\" sizes=\"auto, (max-width: 1024px) 100vw, 1024px\" \/><figcaption class=\"wp-element-caption\"><strong><em>Nu b\u00f6rjar tj\u00e4rblomstren  att blomma i v\u00e4gkanterna.<\/em><\/strong><\/figcaption><\/figure>\n\n\n\n<p class=\"has-medium-font-size\"><em>En sammanfattning fr\u00e5n min v\u00e4derstation, f\u00f6r de senaste 24 timmarna:<\/em><\/p>\n\n\n\n<p class=\"has-medium-font-size\"><strong>20250526 kl. 18.30<br \/>Min. temp: 10,9 \u00b0C<br \/>Max. temp: 20,4 \u00b0C<br \/>Min. lufttryck: 1002,3 hPa<br \/>Max. lufttryck: 1006,5 hPa<br \/>Min.luftfuktigh. 37 %<br \/>Max.luftfuktigh. 86 %<br \/>Domin. vindriktn.: Sydlig<br \/>Maxvind: 10 m\/s.<br \/>Nederb\u00f6rd: 0,5 mm<\/strong><\/p>\n\n\n\n<figure class=\"wp-block-image size-large\"><img loading=\"lazy\" decoding=\"async\" width=\"1024\" height=\"463\" src=\"https:\/\/media1.jensgustafsson.se\/2025\/05\/image-53-1024x463.png\" alt=\"\" class=\"wp-image-35982\" srcset=\"https:\/\/media1.jensgustafsson.se\/2025\/05\/image-53-1024x463.png 1024w, https:\/\/media1.jensgustafsson.se\/2025\/05\/image-53-300x136.png 300w, https:\/\/media1.jensgustafsson.se\/2025\/05\/image-53-768x348.png 768w, https:\/\/media1.jensgustafsson.se\/2025\/05\/image-53-1536x695.png 1536w, https:\/\/media1.jensgustafsson.se\/2025\/05\/image-53-500x226.png 500w, https:\/\/media1.jensgustafsson.se\/2025\/05\/image-53.png 1843w\" sizes=\"auto, (max-width: 1024px) 100vw, 1024px\" \/><figcaption class=\"wp-element-caption\"><strong><em>M\u00e5nadens medeltemperatur \u00e4r t.o.m. idag 1,1 grader kallare j\u00e4mf\u00f6rt mot den normala.<\/em><\/strong><\/figcaption><\/figure>\n\n\n\n<figure class=\"wp-block-image size-large\"><img loading=\"lazy\" decoding=\"async\" width=\"1024\" height=\"537\" src=\"https:\/\/media1.jensgustafsson.se\/2025\/05\/image-54-1024x537.png\" alt=\"\" class=\"wp-image-35983\" srcset=\"https:\/\/media1.jensgustafsson.se\/2025\/05\/image-54-1024x537.png 1024w, https:\/\/media1.jensgustafsson.se\/2025\/05\/image-54-300x157.png 300w, https:\/\/media1.jensgustafsson.se\/2025\/05\/image-54-768x403.png 768w, https:\/\/media1.jensgustafsson.se\/2025\/05\/image-54-500x262.png 500w, https:\/\/media1.jensgustafsson.se\/2025\/05\/image-54.png 1485w\" sizes=\"auto, (max-width: 1024px) 100vw, 1024px\" \/><figcaption class=\"wp-element-caption\"><strong><em>M\u00e5nadens nederb\u00f6rd \u00e4r t.o.m. idag 86 % av den normala.<\/em><\/strong><\/figcaption><\/figure>\n","protected":false},"excerpt":{"rendered":"<p>Under natten till idag kom det lite regn. Lite sol tidigt p\u00e5 morgonen, sedan kom det moln, men de l\u00e4ttade fram p\u00e5 dagen, och d\u00e4refter har vi haft v\u00e4xlande molnighet med en hel del sol. Den l\u00e4gsta temperaturen blev +10,9 &hellip; <a href=\"https:\/\/jensgustafsson.se\/?p=35979\">Forts\u00e4tt l\u00e4sa <span class=\"meta-nav\">&rarr;<\/span><\/a><\/p>\n","protected":false},"author":1,"featured_media":0,"comment_status":"open","ping_status":"","sticky":false,"template":"","format":"standard","meta":{"footnotes":""},"categories":[10],"tags":[],"class_list":["post-35979","post","type-post","status-publish","format-standard","hentry","category-vaderdagbok-2013"],"_links":{"self":[{"href":"https:\/\/jensgustafsson.se\/index.php?rest_route=\/wp\/v2\/posts\/35979","targetHints":{"allow":["GET"]}}],"collection":[{"href":"https:\/\/jensgustafsson.se\/index.php?rest_route=\/wp\/v2\/posts"}],"about":[{"href":"https:\/\/jensgustafsson.se\/index.php?rest_route=\/wp\/v2\/types\/post"}],"author":[{"embeddable":true,"href":"https:\/\/jensgustafsson.se\/index.php?rest_route=\/wp\/v2\/users\/1"}],"replies":[{"embeddable":true,"href":"https:\/\/jensgustafsson.se\/index.php?rest_route=%2Fwp%2Fv2%2Fcomments&post=35979"}],"version-history":[{"count":4,"href":"https:\/\/jensgustafsson.se\/index.php?rest_route=\/wp\/v2\/posts\/35979\/revisions"}],"predecessor-version":[{"id":35988,"href":"https:\/\/jensgustafsson.se\/index.php?rest_route=\/wp\/v2\/posts\/35979\/revisions\/35988"}],"wp:attachment":[{"href":"https:\/\/jensgustafsson.se\/index.php?rest_route=%2Fwp%2Fv2%2Fmedia&parent=35979"}],"wp:term":[{"taxonomy":"category","embeddable":true,"href":"https:\/\/jensgustafsson.se\/index.php?rest_route=%2Fwp%2Fv2%2Fcategories&post=35979"},{"taxonomy":"post_tag","embeddable":true,"href":"https:\/\/jensgustafsson.se\/index.php?rest_route=%2Fwp%2Fv2%2Ftags&post=35979"}],"curies":[{"name":"wp","href":"https:\/\/api.w.org\/{rel}","templated":true}]}}