{"id":35986,"date":"2025-05-27T17:30:18","date_gmt":"2025-05-27T16:30:18","guid":{"rendered":"https:\/\/jensgustafsson.se\/?p=35986"},"modified":"2025-05-27T17:30:18","modified_gmt":"2025-05-27T16:30:18","slug":"tisdag-27-maj-2025","status":"publish","type":"post","link":"https:\/\/jensgustafsson.se\/?p=35986","title":{"rendered":"Tisdag 27 maj 2025."},"content":{"rendered":"\n<p class=\"has-medium-font-size\"><em>P\u00e5 morgonen var det bara l\u00e4tt molnighet. P\u00e5 f\u00f6rmiddagen och en bit in p\u00e5 eftermiddagen hade vi en hel del sol, varvat med moln. D\u00e4refter har molnigheten \u00f6kat, och n\u00e5gra regnst\u00e4nk har det kommit ocks\u00e5.<\/em><\/p>\n\n\n\n<p class=\"has-medium-font-size\"><em>Den l\u00e4gsta temperaturen blev +5,6 grader, och den h\u00f6gsta blev +19,2 grader. Lite mera v\u00e5rv\u00e4rme nu i alla fall.<\/em><\/p>\n\n\n\n<p class=\"has-medium-font-size\"><em>Vinden har varit frisk, byig, mellan syd och sydv\u00e4st idag.<\/em><\/p>\n\n\n\n<figure class=\"wp-block-image size-large\"><img loading=\"lazy\" decoding=\"async\" width=\"1024\" height=\"736\" src=\"https:\/\/media1.jensgustafsson.se\/2025\/05\/DSC_3244-1024x736.jpg\" alt=\"\" class=\"wp-image-35992\" srcset=\"https:\/\/media1.jensgustafsson.se\/2025\/05\/DSC_3244-1024x736.jpg 1024w, https:\/\/media1.jensgustafsson.se\/2025\/05\/DSC_3244-300x216.jpg 300w, https:\/\/media1.jensgustafsson.se\/2025\/05\/DSC_3244-768x552.jpg 768w, https:\/\/media1.jensgustafsson.se\/2025\/05\/DSC_3244-1536x1104.jpg 1536w, https:\/\/media1.jensgustafsson.se\/2025\/05\/DSC_3244-2048x1472.jpg 2048w, https:\/\/media1.jensgustafsson.se\/2025\/05\/DSC_3244-417x300.jpg 417w\" sizes=\"auto, (max-width: 1024px) 100vw, 1024px\" \/><figcaption class=\"wp-element-caption\"><strong><em>P\u00e5 morgonen idag.<\/em><\/strong><\/figcaption><\/figure>\n\n\n\n<p class=\"has-medium-font-size\"><em>En sammanfattning fr\u00e5n min v\u00e4derstation, f\u00f6r de senaste 24 timmarna:<\/em><\/p>\n\n\n\n<p class=\"has-medium-font-size\"><strong>20250527 kl. 18.30<br \/>Min. temp: 5,6 \u00b0C<br \/>Max. temp: 19,2 \u00b0C<br \/>Min. lufttryck: 1006,4 hPa<br \/>Max. lufttryck: 1010,4 hPa<br \/>Min.luftfuktigh. 40 %<br \/>Max.luftfuktigh. 82 %<br \/>Domin. vindriktn.: Sydv\u00e4stlig<br \/>Maxvind: 10 m\/s.<br \/>Nederb\u00f6rd: 0 mm<br \/>Meteorologisk \u00e5rstid: Sommar<br \/>Kalendarisk \u00e5rstid: V\u00e5rm\u00e5nad 3 av 3<\/strong><\/p>\n\n\n\n<figure class=\"wp-block-image size-large\"><img loading=\"lazy\" decoding=\"async\" width=\"1024\" height=\"463\" src=\"https:\/\/media1.jensgustafsson.se\/2025\/05\/image-55-1024x463.png\" alt=\"\" class=\"wp-image-35989\" srcset=\"https:\/\/media1.jensgustafsson.se\/2025\/05\/image-55-1024x463.png 1024w, https:\/\/media1.jensgustafsson.se\/2025\/05\/image-55-300x136.png 300w, https:\/\/media1.jensgustafsson.se\/2025\/05\/image-55-768x348.png 768w, https:\/\/media1.jensgustafsson.se\/2025\/05\/image-55-1536x695.png 1536w, https:\/\/media1.jensgustafsson.se\/2025\/05\/image-55-500x226.png 500w, https:\/\/media1.jensgustafsson.se\/2025\/05\/image-55.png 1843w\" sizes=\"auto, (max-width: 1024px) 100vw, 1024px\" \/><figcaption class=\"wp-element-caption\"><strong><em>M\u00e5nadens medeltemperatur \u00e4r t.o.m. idag 1 grad kallare j\u00e4mf\u00f6rt mot den normala.<\/em><\/strong><\/figcaption><\/figure>\n\n\n\n<figure class=\"wp-block-image size-large\"><img loading=\"lazy\" decoding=\"async\" width=\"1024\" height=\"537\" src=\"https:\/\/media1.jensgustafsson.se\/2025\/05\/image-56-1024x537.png\" alt=\"\" class=\"wp-image-35990\" srcset=\"https:\/\/media1.jensgustafsson.se\/2025\/05\/image-56-1024x537.png 1024w, https:\/\/media1.jensgustafsson.se\/2025\/05\/image-56-300x157.png 300w, https:\/\/media1.jensgustafsson.se\/2025\/05\/image-56-768x403.png 768w, https:\/\/media1.jensgustafsson.se\/2025\/05\/image-56-500x262.png 500w, https:\/\/media1.jensgustafsson.se\/2025\/05\/image-56.png 1485w\" sizes=\"auto, (max-width: 1024px) 100vw, 1024px\" \/><figcaption class=\"wp-element-caption\"><strong><em>M\u00e5nadens nederb\u00f6rd \u00e4r t.o.m. idag 86 % av den normala.<\/em><\/strong><\/figcaption><\/figure>\n","protected":false},"excerpt":{"rendered":"<p>P\u00e5 morgonen var det bara l\u00e4tt molnighet. P\u00e5 f\u00f6rmiddagen och en bit in p\u00e5 eftermiddagen hade vi en hel del sol, varvat med moln. D\u00e4refter har molnigheten \u00f6kat, och n\u00e5gra regnst\u00e4nk har det kommit ocks\u00e5. Den l\u00e4gsta temperaturen blev +5,6 &hellip; <a href=\"https:\/\/jensgustafsson.se\/?p=35986\">Forts\u00e4tt l\u00e4sa <span class=\"meta-nav\">&rarr;<\/span><\/a><\/p>\n","protected":false},"author":1,"featured_media":0,"comment_status":"open","ping_status":"","sticky":false,"template":"","format":"standard","meta":{"footnotes":""},"categories":[10],"tags":[],"class_list":["post-35986","post","type-post","status-publish","format-standard","hentry","category-vaderdagbok-2013"],"_links":{"self":[{"href":"https:\/\/jensgustafsson.se\/index.php?rest_route=\/wp\/v2\/posts\/35986","targetHints":{"allow":["GET"]}}],"collection":[{"href":"https:\/\/jensgustafsson.se\/index.php?rest_route=\/wp\/v2\/posts"}],"about":[{"href":"https:\/\/jensgustafsson.se\/index.php?rest_route=\/wp\/v2\/types\/post"}],"author":[{"embeddable":true,"href":"https:\/\/jensgustafsson.se\/index.php?rest_route=\/wp\/v2\/users\/1"}],"replies":[{"embeddable":true,"href":"https:\/\/jensgustafsson.se\/index.php?rest_route=%2Fwp%2Fv2%2Fcomments&post=35986"}],"version-history":[{"count":5,"href":"https:\/\/jensgustafsson.se\/index.php?rest_route=\/wp\/v2\/posts\/35986\/revisions"}],"predecessor-version":[{"id":35995,"href":"https:\/\/jensgustafsson.se\/index.php?rest_route=\/wp\/v2\/posts\/35986\/revisions\/35995"}],"wp:attachment":[{"href":"https:\/\/jensgustafsson.se\/index.php?rest_route=%2Fwp%2Fv2%2Fmedia&parent=35986"}],"wp:term":[{"taxonomy":"category","embeddable":true,"href":"https:\/\/jensgustafsson.se\/index.php?rest_route=%2Fwp%2Fv2%2Fcategories&post=35986"},{"taxonomy":"post_tag","embeddable":true,"href":"https:\/\/jensgustafsson.se\/index.php?rest_route=%2Fwp%2Fv2%2Ftags&post=35986"}],"curies":[{"name":"wp","href":"https:\/\/api.w.org\/{rel}","templated":true}]}}