{"id":35997,"date":"2025-05-28T16:05:45","date_gmt":"2025-05-28T15:05:45","guid":{"rendered":"https:\/\/jensgustafsson.se\/?p=35997"},"modified":"2025-05-28T16:05:45","modified_gmt":"2025-05-28T15:05:45","slug":"onsdag-28-maj-2025","status":"publish","type":"post","link":"https:\/\/jensgustafsson.se\/?p=35997","title":{"rendered":"Onsdag 28 maj 2025."},"content":{"rendered":"\n<p class=\"has-medium-font-size\"><em>Idag har det varit en mulen dag med tidvis regn. Nu mot kv\u00e4llningen spricker molnen upp i v\u00e4st och nordv\u00e4st ser jag, s\u00e5 regnomr\u00e5det \u00e4r nog p\u00e5 v\u00e4g att l\u00e4mna oss.<\/em><\/p>\n\n\n\n<p class=\"has-medium-font-size\"><em>Den l\u00e4gsta temperaturen blev +11,2 grader, och den h\u00f6gsta blev +14,6 grader. <\/em><\/p>\n\n\n\n<p class=\"has-medium-font-size\"><em>Vinden har varit svag, och har v\u00e4xlat under dagen fr\u00e5n att f\u00f6rst vara sydlig-v\u00e4stlig-nordlig, och nu \u00e4r den ostlig.<\/em><\/p>\n\n\n\n<figure class=\"wp-block-image size-full is-style-default\"><img loading=\"lazy\" decoding=\"async\" width=\"2560\" height=\"1707\" src=\"https:\/\/media1.jensgustafsson.se\/2025\/05\/DSC_3217-scaled.jpg\" alt=\"\" class=\"wp-image-35999\" srcset=\"https:\/\/media1.jensgustafsson.se\/2025\/05\/DSC_3217-scaled.jpg 2560w, https:\/\/media1.jensgustafsson.se\/2025\/05\/DSC_3217-300x200.jpg 300w, https:\/\/media1.jensgustafsson.se\/2025\/05\/DSC_3217-1024x683.jpg 1024w, https:\/\/media1.jensgustafsson.se\/2025\/05\/DSC_3217-768x512.jpg 768w, https:\/\/media1.jensgustafsson.se\/2025\/05\/DSC_3217-1536x1024.jpg 1536w, https:\/\/media1.jensgustafsson.se\/2025\/05\/DSC_3217-2048x1365.jpg 2048w, https:\/\/media1.jensgustafsson.se\/2025\/05\/DSC_3217-450x300.jpg 450w\" sizes=\"auto, (max-width: 2560px) 100vw, 2560px\" \/><\/figure>\n\n\n\n<p class=\"has-medium-font-size\"><em>En sammanfattning fr\u00e5n min v\u00e4derstation, f\u00f6r de senaste 24 timmarna:<\/em><\/p>\n\n\n\n<p class=\"has-medium-font-size\"><strong>20250528 kl. 17.00<br \/>Min. temp: 11,2 \u00b0C<br \/>Max. temp: 14,6 \u00b0C<br \/>Min. lufttryck: 1004,7 hPa<br \/>Max. lufttryck: 1007,8 hPa<br \/>Min.luftfuktigh. 60 %<br \/>Max.luftfuktigh. 84 %<br \/>Domin. vindriktn.: V\u00e4xlande<br \/>Maxvind: 3 m\/s.<br \/>Nederb\u00f6rd: 4 mm<\/strong><\/p>\n\n\n\n<p class=\"has-medium-font-size\"><\/p>\n\n\n\n<figure class=\"wp-block-image size-large\"><img loading=\"lazy\" decoding=\"async\" width=\"1024\" height=\"463\" src=\"https:\/\/media1.jensgustafsson.se\/2025\/05\/image-57-1024x463.png\" alt=\"\" class=\"wp-image-36006\" srcset=\"https:\/\/media1.jensgustafsson.se\/2025\/05\/image-57-1024x463.png 1024w, https:\/\/media1.jensgustafsson.se\/2025\/05\/image-57-300x136.png 300w, https:\/\/media1.jensgustafsson.se\/2025\/05\/image-57-768x348.png 768w, https:\/\/media1.jensgustafsson.se\/2025\/05\/image-57-1536x695.png 1536w, https:\/\/media1.jensgustafsson.se\/2025\/05\/image-57-500x226.png 500w, https:\/\/media1.jensgustafsson.se\/2025\/05\/image-57.png 1843w\" sizes=\"auto, (max-width: 1024px) 100vw, 1024px\" \/><figcaption class=\"wp-element-caption\"><strong><em>M\u00e5nadens medeltemperatur \u00e4r t.o.m. idag 0,9 grader kallare j\u00e4mf\u00f6rt mot den normala.<\/em><\/strong><\/figcaption><\/figure>\n\n\n\n<p class=\"has-medium-font-size\"><\/p>\n\n\n\n<figure class=\"wp-block-image size-large\"><img loading=\"lazy\" decoding=\"async\" width=\"1024\" height=\"537\" src=\"https:\/\/media1.jensgustafsson.se\/2025\/05\/image-58-1024x537.png\" alt=\"\" class=\"wp-image-36007\" srcset=\"https:\/\/media1.jensgustafsson.se\/2025\/05\/image-58-1024x537.png 1024w, https:\/\/media1.jensgustafsson.se\/2025\/05\/image-58-300x157.png 300w, https:\/\/media1.jensgustafsson.se\/2025\/05\/image-58-768x403.png 768w, https:\/\/media1.jensgustafsson.se\/2025\/05\/image-58-500x262.png 500w, https:\/\/media1.jensgustafsson.se\/2025\/05\/image-58.png 1485w\" sizes=\"auto, (max-width: 1024px) 100vw, 1024px\" \/><figcaption class=\"wp-element-caption\"><strong><em>M\u00e5nadens nederb\u00f6rd \u00e4r t.o.m. idag 93 % av den normala.<\/em><\/strong><\/figcaption><\/figure>\n\n\n\n<p class=\"has-medium-font-size\"><\/p>\n\n\n\n<p><\/p>\n","protected":false},"excerpt":{"rendered":"<p>Idag har det varit en mulen dag med tidvis regn. Nu mot kv\u00e4llningen spricker molnen upp i v\u00e4st och nordv\u00e4st ser jag, s\u00e5 regnomr\u00e5det \u00e4r nog p\u00e5 v\u00e4g att l\u00e4mna oss. Den l\u00e4gsta temperaturen blev +11,2 grader, och den h\u00f6gsta &hellip; <a href=\"https:\/\/jensgustafsson.se\/?p=35997\">Forts\u00e4tt l\u00e4sa <span class=\"meta-nav\">&rarr;<\/span><\/a><\/p>\n","protected":false},"author":1,"featured_media":0,"comment_status":"open","ping_status":"","sticky":false,"template":"","format":"standard","meta":{"footnotes":""},"categories":[10],"tags":[],"class_list":["post-35997","post","type-post","status-publish","format-standard","hentry","category-vaderdagbok-2013"],"_links":{"self":[{"href":"https:\/\/jensgustafsson.se\/index.php?rest_route=\/wp\/v2\/posts\/35997","targetHints":{"allow":["GET"]}}],"collection":[{"href":"https:\/\/jensgustafsson.se\/index.php?rest_route=\/wp\/v2\/posts"}],"about":[{"href":"https:\/\/jensgustafsson.se\/index.php?rest_route=\/wp\/v2\/types\/post"}],"author":[{"embeddable":true,"href":"https:\/\/jensgustafsson.se\/index.php?rest_route=\/wp\/v2\/users\/1"}],"replies":[{"embeddable":true,"href":"https:\/\/jensgustafsson.se\/index.php?rest_route=%2Fwp%2Fv2%2Fcomments&post=35997"}],"version-history":[{"count":8,"href":"https:\/\/jensgustafsson.se\/index.php?rest_route=\/wp\/v2\/posts\/35997\/revisions"}],"predecessor-version":[{"id":36009,"href":"https:\/\/jensgustafsson.se\/index.php?rest_route=\/wp\/v2\/posts\/35997\/revisions\/36009"}],"wp:attachment":[{"href":"https:\/\/jensgustafsson.se\/index.php?rest_route=%2Fwp%2Fv2%2Fmedia&parent=35997"}],"wp:term":[{"taxonomy":"category","embeddable":true,"href":"https:\/\/jensgustafsson.se\/index.php?rest_route=%2Fwp%2Fv2%2Fcategories&post=35997"},{"taxonomy":"post_tag","embeddable":true,"href":"https:\/\/jensgustafsson.se\/index.php?rest_route=%2Fwp%2Fv2%2Ftags&post=35997"}],"curies":[{"name":"wp","href":"https:\/\/api.w.org\/{rel}","templated":true}]}}