{"id":36010,"date":"2025-05-29T16:45:23","date_gmt":"2025-05-29T15:45:23","guid":{"rendered":"https:\/\/jensgustafsson.se\/?p=36010"},"modified":"2025-05-30T06:00:18","modified_gmt":"2025-05-30T05:00:18","slug":"torsdag-kristihimmelsfards-dag-29-maj-2025","status":"publish","type":"post","link":"https:\/\/jensgustafsson.se\/?p=36010","title":{"rendered":"Torsdag (Kristihimmelsf\u00e4rds dag) 29 maj 2025."},"content":{"rendered":"\n<p class=\"has-medium-font-size\"><em>P\u00e5 morgonen var det helt molnfri himmel. Dagen har sedan bjudit oss p\u00e5 mestadels soligt v\u00e4der, men lite stackmoln ocks\u00e5 av och till. En fin v\u00e5rdag, eller kanske f\u00f6rsommardag k\u00e4nns mera r\u00e4tt.<\/em><\/p>\n\n\n\n<p class=\"has-medium-font-size\"><em>Varmt och sk\u00f6nt, den l\u00e4gsta temperaturen blev +7,6 grader, och den h\u00f6gsta blev +21,2 grader.<\/em><\/p>\n\n\n\n<p class=\"has-medium-font-size\"><em>En svag till m\u00e5ttlig, v\u00e4stlig vind har vi haft idag.<\/em><\/p>\n\n\n\n<figure class=\"wp-block-image size-large\"><img loading=\"lazy\" decoding=\"async\" width=\"1024\" height=\"683\" src=\"https:\/\/media1.jensgustafsson.se\/2025\/05\/DSC_3288-1024x683.jpg\" alt=\"\" class=\"wp-image-36014\" srcset=\"https:\/\/media1.jensgustafsson.se\/2025\/05\/DSC_3288-1024x683.jpg 1024w, https:\/\/media1.jensgustafsson.se\/2025\/05\/DSC_3288-300x200.jpg 300w, https:\/\/media1.jensgustafsson.se\/2025\/05\/DSC_3288-768x512.jpg 768w, https:\/\/media1.jensgustafsson.se\/2025\/05\/DSC_3288-1536x1024.jpg 1536w, https:\/\/media1.jensgustafsson.se\/2025\/05\/DSC_3288-2048x1365.jpg 2048w, https:\/\/media1.jensgustafsson.se\/2025\/05\/DSC_3288-450x300.jpg 450w\" sizes=\"auto, (max-width: 1024px) 100vw, 1024px\" \/><figcaption class=\"wp-element-caption\"><strong><em>Promenad i Lilla Klobo p\u00e5 f\u00f6rmiddagen idag.<\/em><\/strong><\/figcaption><\/figure>\n\n\n\n<p class=\"has-medium-font-size\"><em>En sammanfattning fr\u00e5n min v\u00e4derstation, f\u00f6r de senaste 24 timmarna:<\/em><\/p>\n\n\n\n<p class=\"has-medium-font-size\"><strong>20250529 kl. 17.30<br \/>Min. temp: 7,6 \u00b0C<br \/>Max. temp: 21,2 \u00b0C<br \/>Min. lufttryck: 1005 hPa<br \/>Max. lufttryck: 1010,3 hPa<br \/>Min.luftfuktigh. 35 %<br \/>Max.luftfuktigh. 84 %<br \/>Domin. vindriktn.: V\u00e4stlig<br \/>Maxvind: 7 m\/s.<br \/>Nederb\u00f6rd: 0 mm<\/strong><\/p>\n\n\n\n<figure class=\"wp-block-image size-large\"><img loading=\"lazy\" decoding=\"async\" width=\"1024\" height=\"463\" src=\"https:\/\/media1.jensgustafsson.se\/2025\/05\/image-59-1024x463.png\" alt=\"\" class=\"wp-image-36011\" srcset=\"https:\/\/media1.jensgustafsson.se\/2025\/05\/image-59-1024x463.png 1024w, https:\/\/media1.jensgustafsson.se\/2025\/05\/image-59-300x136.png 300w, https:\/\/media1.jensgustafsson.se\/2025\/05\/image-59-768x348.png 768w, https:\/\/media1.jensgustafsson.se\/2025\/05\/image-59-1536x695.png 1536w, https:\/\/media1.jensgustafsson.se\/2025\/05\/image-59-500x226.png 500w, https:\/\/media1.jensgustafsson.se\/2025\/05\/image-59.png 1843w\" sizes=\"auto, (max-width: 1024px) 100vw, 1024px\" \/><figcaption class=\"wp-element-caption\"><strong><em>M\u00e5nadens medeltemperatur \u00e4r t.o.m. idag 0,8 grader kallare j\u00e4mf\u00f6rt mot den normala.<\/em><\/strong><\/figcaption><\/figure>\n\n\n\n<figure class=\"wp-block-image size-large\"><img loading=\"lazy\" decoding=\"async\" width=\"1024\" height=\"537\" src=\"https:\/\/media1.jensgustafsson.se\/2025\/05\/image-60-1024x537.png\" alt=\"\" class=\"wp-image-36012\" srcset=\"https:\/\/media1.jensgustafsson.se\/2025\/05\/image-60-1024x537.png 1024w, https:\/\/media1.jensgustafsson.se\/2025\/05\/image-60-300x157.png 300w, https:\/\/media1.jensgustafsson.se\/2025\/05\/image-60-768x403.png 768w, https:\/\/media1.jensgustafsson.se\/2025\/05\/image-60-500x262.png 500w, https:\/\/media1.jensgustafsson.se\/2025\/05\/image-60.png 1485w\" sizes=\"auto, (max-width: 1024px) 100vw, 1024px\" \/><figcaption class=\"wp-element-caption\"><strong><em>M\u00e5nadens nederb\u00f6rd \u00e4r t.o.m. idag 93 % av den normala.<\/em><\/strong><\/figcaption><\/figure>\n","protected":false},"excerpt":{"rendered":"<p>P\u00e5 morgonen var det helt molnfri himmel. Dagen har sedan bjudit oss p\u00e5 mestadels soligt v\u00e4der, men lite stackmoln ocks\u00e5 av och till. En fin v\u00e5rdag, eller kanske f\u00f6rsommardag k\u00e4nns mera r\u00e4tt. Varmt och sk\u00f6nt, den l\u00e4gsta temperaturen blev +7,6 &hellip; <a href=\"https:\/\/jensgustafsson.se\/?p=36010\">Forts\u00e4tt l\u00e4sa <span class=\"meta-nav\">&rarr;<\/span><\/a><\/p>\n","protected":false},"author":1,"featured_media":0,"comment_status":"open","ping_status":"","sticky":false,"template":"","format":"standard","meta":{"footnotes":""},"categories":[10],"tags":[],"class_list":["post-36010","post","type-post","status-publish","format-standard","hentry","category-vaderdagbok-2013"],"_links":{"self":[{"href":"https:\/\/jensgustafsson.se\/index.php?rest_route=\/wp\/v2\/posts\/36010","targetHints":{"allow":["GET"]}}],"collection":[{"href":"https:\/\/jensgustafsson.se\/index.php?rest_route=\/wp\/v2\/posts"}],"about":[{"href":"https:\/\/jensgustafsson.se\/index.php?rest_route=\/wp\/v2\/types\/post"}],"author":[{"embeddable":true,"href":"https:\/\/jensgustafsson.se\/index.php?rest_route=\/wp\/v2\/users\/1"}],"replies":[{"embeddable":true,"href":"https:\/\/jensgustafsson.se\/index.php?rest_route=%2Fwp%2Fv2%2Fcomments&post=36010"}],"version-history":[{"count":2,"href":"https:\/\/jensgustafsson.se\/index.php?rest_route=\/wp\/v2\/posts\/36010\/revisions"}],"predecessor-version":[{"id":36015,"href":"https:\/\/jensgustafsson.se\/index.php?rest_route=\/wp\/v2\/posts\/36010\/revisions\/36015"}],"wp:attachment":[{"href":"https:\/\/jensgustafsson.se\/index.php?rest_route=%2Fwp%2Fv2%2Fmedia&parent=36010"}],"wp:term":[{"taxonomy":"category","embeddable":true,"href":"https:\/\/jensgustafsson.se\/index.php?rest_route=%2Fwp%2Fv2%2Fcategories&post=36010"},{"taxonomy":"post_tag","embeddable":true,"href":"https:\/\/jensgustafsson.se\/index.php?rest_route=%2Fwp%2Fv2%2Ftags&post=36010"}],"curies":[{"name":"wp","href":"https:\/\/api.w.org\/{rel}","templated":true}]}}