{"id":36016,"date":"2025-05-30T16:42:15","date_gmt":"2025-05-30T15:42:15","guid":{"rendered":"https:\/\/jensgustafsson.se\/?p=36016"},"modified":"2025-05-30T16:42:15","modified_gmt":"2025-05-30T15:42:15","slug":"fredag-30-maj-2025","status":"publish","type":"post","link":"https:\/\/jensgustafsson.se\/?p=36016","title":{"rendered":"Fredag 30 maj 2025."},"content":{"rendered":"\n<p class=\"has-medium-font-size\"><em>P\u00e5 morgonen mulnade det snabbt fr\u00e5n v\u00e4ster, och det b\u00f6rjade regna lite l\u00e4tt. Regnet blev skurbetonat, och upph\u00f6rde fram mot lunch. Under eftermiddagen har det varit v\u00e4xlande molnighet, med en hel del sol.<\/em><\/p>\n\n\n\n<p class=\"has-medium-font-size\"><em>Den l\u00e4gsta temperaturen blev +6,9 grader, och den h\u00f6gsta blev +21,3 grader.<\/em><\/p>\n\n\n\n<p class=\"has-medium-font-size\"><em>Vinden har \u00f6kat under dagen, och under eftermiddagen har den varit frisk. Vindriktningen har skiftat mellan sydv\u00e4st<\/em>-syd-sydost.<\/p>\n\n\n\n<figure class=\"wp-block-image size-large\"><img loading=\"lazy\" decoding=\"async\" width=\"1024\" height=\"865\" src=\"https:\/\/media1.jensgustafsson.se\/2025\/05\/DSC_3282-1024x865.jpg\" alt=\"\" class=\"wp-image-36018\" srcset=\"https:\/\/media1.jensgustafsson.se\/2025\/05\/DSC_3282-1024x865.jpg 1024w, https:\/\/media1.jensgustafsson.se\/2025\/05\/DSC_3282-300x253.jpg 300w, https:\/\/media1.jensgustafsson.se\/2025\/05\/DSC_3282-768x649.jpg 768w, https:\/\/media1.jensgustafsson.se\/2025\/05\/DSC_3282-1536x1297.jpg 1536w, https:\/\/media1.jensgustafsson.se\/2025\/05\/DSC_3282-2048x1729.jpg 2048w, https:\/\/media1.jensgustafsson.se\/2025\/05\/DSC_3282-355x300.jpg 355w\" sizes=\"auto, (max-width: 1024px) 100vw, 1024px\" \/><\/figure>\n\n\n\n<p class=\"has-medium-font-size\"><em>En sammanfattning fr\u00e5n min v\u00e4derstation, f\u00f6r de senaste 24 timmarna:<\/em><\/p>\n\n\n\n<p class=\"has-medium-font-size\"><strong>20250530 kl. 17.30<br \/>Min. temp: 6,9 \u00b0C<br \/>Max. temp: 21,3 \u00b0C<br \/>Min. lufttryck: 1004,5 hPa<br \/>Max. lufttryck: 1010,8 hPa<br \/>Min.luftfuktigh. 35 %<br \/>Max.luftfuktigh. 79 %<br \/>Domin. vindriktn.: Sydv\u00e4stlig<br \/>Maxvind: 12 m\/s.<br \/>Nederb\u00f6rd: 0,5 mm<\/strong><\/p>\n\n\n\n<figure class=\"wp-block-image size-large\"><img loading=\"lazy\" decoding=\"async\" width=\"1024\" height=\"463\" src=\"https:\/\/media1.jensgustafsson.se\/2025\/05\/image-61-1024x463.png\" alt=\"\" class=\"wp-image-36020\" srcset=\"https:\/\/media1.jensgustafsson.se\/2025\/05\/image-61-1024x463.png 1024w, https:\/\/media1.jensgustafsson.se\/2025\/05\/image-61-300x136.png 300w, https:\/\/media1.jensgustafsson.se\/2025\/05\/image-61-768x348.png 768w, https:\/\/media1.jensgustafsson.se\/2025\/05\/image-61-1536x695.png 1536w, https:\/\/media1.jensgustafsson.se\/2025\/05\/image-61-500x226.png 500w, https:\/\/media1.jensgustafsson.se\/2025\/05\/image-61.png 1843w\" sizes=\"auto, (max-width: 1024px) 100vw, 1024px\" \/><figcaption class=\"wp-element-caption\"><strong><em>M\u00e5nadens medeltemperatur \u00e4r t.o.m. idag 0,7 grader kallare j\u00e4mf\u00f6rt mot den normala.<\/em><\/strong><\/figcaption><\/figure>\n\n\n\n<figure class=\"wp-block-image size-large\"><img loading=\"lazy\" decoding=\"async\" width=\"1024\" height=\"537\" src=\"https:\/\/media1.jensgustafsson.se\/2025\/05\/image-62-1024x537.png\" alt=\"\" class=\"wp-image-36021\" srcset=\"https:\/\/media1.jensgustafsson.se\/2025\/05\/image-62-1024x537.png 1024w, https:\/\/media1.jensgustafsson.se\/2025\/05\/image-62-300x157.png 300w, https:\/\/media1.jensgustafsson.se\/2025\/05\/image-62-768x403.png 768w, https:\/\/media1.jensgustafsson.se\/2025\/05\/image-62-500x262.png 500w, https:\/\/media1.jensgustafsson.se\/2025\/05\/image-62.png 1485w\" sizes=\"auto, (max-width: 1024px) 100vw, 1024px\" \/><figcaption class=\"wp-element-caption\"><strong><em>M\u00e5nadens nederb\u00f6rd \u00e4r t.o.m. idag 95 % av den normala.<\/em><\/strong><\/figcaption><\/figure>\n\n\n\n<p><\/p>\n","protected":false},"excerpt":{"rendered":"<p>P\u00e5 morgonen mulnade det snabbt fr\u00e5n v\u00e4ster, och det b\u00f6rjade regna lite l\u00e4tt. Regnet blev skurbetonat, och upph\u00f6rde fram mot lunch. Under eftermiddagen har det varit v\u00e4xlande molnighet, med en hel del sol. Den l\u00e4gsta temperaturen blev +6,9 grader, och &hellip; <a href=\"https:\/\/jensgustafsson.se\/?p=36016\">Forts\u00e4tt l\u00e4sa <span class=\"meta-nav\">&rarr;<\/span><\/a><\/p>\n","protected":false},"author":1,"featured_media":0,"comment_status":"open","ping_status":"","sticky":false,"template":"","format":"standard","meta":{"footnotes":""},"categories":[10],"tags":[],"class_list":["post-36016","post","type-post","status-publish","format-standard","hentry","category-vaderdagbok-2013"],"_links":{"self":[{"href":"https:\/\/jensgustafsson.se\/index.php?rest_route=\/wp\/v2\/posts\/36016","targetHints":{"allow":["GET"]}}],"collection":[{"href":"https:\/\/jensgustafsson.se\/index.php?rest_route=\/wp\/v2\/posts"}],"about":[{"href":"https:\/\/jensgustafsson.se\/index.php?rest_route=\/wp\/v2\/types\/post"}],"author":[{"embeddable":true,"href":"https:\/\/jensgustafsson.se\/index.php?rest_route=\/wp\/v2\/users\/1"}],"replies":[{"embeddable":true,"href":"https:\/\/jensgustafsson.se\/index.php?rest_route=%2Fwp%2Fv2%2Fcomments&post=36016"}],"version-history":[{"count":3,"href":"https:\/\/jensgustafsson.se\/index.php?rest_route=\/wp\/v2\/posts\/36016\/revisions"}],"predecessor-version":[{"id":36022,"href":"https:\/\/jensgustafsson.se\/index.php?rest_route=\/wp\/v2\/posts\/36016\/revisions\/36022"}],"wp:attachment":[{"href":"https:\/\/jensgustafsson.se\/index.php?rest_route=%2Fwp%2Fv2%2Fmedia&parent=36016"}],"wp:term":[{"taxonomy":"category","embeddable":true,"href":"https:\/\/jensgustafsson.se\/index.php?rest_route=%2Fwp%2Fv2%2Fcategories&post=36016"},{"taxonomy":"post_tag","embeddable":true,"href":"https:\/\/jensgustafsson.se\/index.php?rest_route=%2Fwp%2Fv2%2Ftags&post=36016"}],"curies":[{"name":"wp","href":"https:\/\/api.w.org\/{rel}","templated":true}]}}