{"id":36131,"date":"2025-06-07T16:32:26","date_gmt":"2025-06-07T15:32:26","guid":{"rendered":"https:\/\/jensgustafsson.se\/?p=36131"},"modified":"2025-06-07T16:32:26","modified_gmt":"2025-06-07T15:32:26","slug":"lordag-7-juni-2025","status":"publish","type":"post","link":"https:\/\/jensgustafsson.se\/?p=36131","title":{"rendered":"L\u00f6rdag 7 juni 2025."},"content":{"rendered":"\n<p class=\"has-medium-font-size\"><em>Efter min avl\u00e4sning av g\u00e5rdagens v\u00e4dersiffror, s\u00e5 kom det ett par kraftiga regnskurar till. S\u00e5ledes finns dom redovisade p\u00e5 detta dygns sammanfattning.<\/em><\/p>\n\n\n\n<p class=\"has-medium-font-size\"><em>Idag har vi sedan haft en dag med v\u00e4xlande molnighet, och framf\u00f6r allt under eftermiddagen s\u00e5 har det varit en hel del solinslag.<\/em><\/p>\n\n\n\n<p class=\"has-medium-font-size\"><em>Den l\u00e4gsta temperaturen blev +10,6 grader, och den h\u00f6gsta stannade p\u00e5 +19,9 grader.<\/em><\/p>\n\n\n\n<p class=\"has-medium-font-size\"><em>Vinden har varit frisk, och kommit fr\u00e5n sydv\u00e4st.<\/em><\/p>\n\n\n\n<figure class=\"wp-block-image size-large\"><img loading=\"lazy\" decoding=\"async\" width=\"1024\" height=\"1024\" src=\"https:\/\/media1.jensgustafsson.se\/2025\/06\/6-juni-2025-1-1024x1024.jpg\" alt=\"\" class=\"wp-image-36132\" srcset=\"https:\/\/media1.jensgustafsson.se\/2025\/06\/6-juni-2025-1-1024x1024.jpg 1024w, https:\/\/media1.jensgustafsson.se\/2025\/06\/6-juni-2025-1-300x300.jpg 300w, https:\/\/media1.jensgustafsson.se\/2025\/06\/6-juni-2025-1-150x150.jpg 150w, https:\/\/media1.jensgustafsson.se\/2025\/06\/6-juni-2025-1-768x769.jpg 768w, https:\/\/media1.jensgustafsson.se\/2025\/06\/6-juni-2025-1.jpg 1440w\" sizes=\"auto, (max-width: 1024px) 100vw, 1024px\" \/><\/figure>\n\n\n\n<p class=\"has-medium-font-size\"><em>En sammanfattning fr\u00e5n min v\u00e4derstation, f\u00f6r de senaste 24 timmarna:<\/em><\/p>\n\n\n\n<p class=\"has-medium-font-size\"><strong>20250607 kl. 17.00<br \/>Min. temp: 10,6 \u00b0C<br \/>Max. temp: 19,9 \u00b0C<br \/>Min. lufttryck: 995,8 hPa<br \/>Max. lufttryck: 1002 hPa<br \/>Min.luftfuktigh. 40 %<br \/>Max.luftfuktigh. 80 %<br \/>Domin. vindriktn.: Sydv\u00e4stlig<br \/>Maxvind: 11 m\/s.<br \/>Nederb\u00f6rd: 4<\/strong> <strong>mm.<\/strong><\/p>\n\n\n\n<p class=\"has-medium-font-size\"><\/p>\n\n\n\n<figure class=\"wp-block-image size-large\"><img loading=\"lazy\" decoding=\"async\" width=\"1024\" height=\"463\" src=\"https:\/\/media1.jensgustafsson.se\/2025\/06\/image-21-1024x463.png\" alt=\"\" class=\"wp-image-36135\" srcset=\"https:\/\/media1.jensgustafsson.se\/2025\/06\/image-21-1024x463.png 1024w, https:\/\/media1.jensgustafsson.se\/2025\/06\/image-21-300x136.png 300w, https:\/\/media1.jensgustafsson.se\/2025\/06\/image-21-768x348.png 768w, https:\/\/media1.jensgustafsson.se\/2025\/06\/image-21-1536x695.png 1536w, https:\/\/media1.jensgustafsson.se\/2025\/06\/image-21-500x226.png 500w, https:\/\/media1.jensgustafsson.se\/2025\/06\/image-21.png 1843w\" sizes=\"auto, (max-width: 1024px) 100vw, 1024px\" \/><figcaption class=\"wp-element-caption\"><strong><em>M\u00e5nadens medeltemperatur \u00e4r t.o.m. idag 0,2 grader varmare j\u00e4mf\u00f6rt mot den normala.<\/em><\/strong><\/figcaption><\/figure>\n\n\n\n<p class=\"has-medium-font-size\"><\/p>\n\n\n\n<figure class=\"wp-block-image size-large\"><img loading=\"lazy\" decoding=\"async\" width=\"1024\" height=\"537\" src=\"https:\/\/media1.jensgustafsson.se\/2025\/06\/image-22-1024x537.png\" alt=\"\" class=\"wp-image-36136\" srcset=\"https:\/\/media1.jensgustafsson.se\/2025\/06\/image-22-1024x537.png 1024w, https:\/\/media1.jensgustafsson.se\/2025\/06\/image-22-300x157.png 300w, https:\/\/media1.jensgustafsson.se\/2025\/06\/image-22-768x403.png 768w, https:\/\/media1.jensgustafsson.se\/2025\/06\/image-22-500x262.png 500w, https:\/\/media1.jensgustafsson.se\/2025\/06\/image-22.png 1485w\" sizes=\"auto, (max-width: 1024px) 100vw, 1024px\" \/><figcaption class=\"wp-element-caption\"><strong><em>M\u00e5nadens nederb\u00f6rd \u00e4r t.o.m. idag 30 % av den normala.<\/em><\/strong><\/figcaption><\/figure>\n\n\n\n<p class=\"has-medium-font-size\"><\/p>\n\n\n\n<p class=\"has-medium-font-size\"><\/p>\n","protected":false},"excerpt":{"rendered":"<p>Efter min avl\u00e4sning av g\u00e5rdagens v\u00e4dersiffror, s\u00e5 kom det ett par kraftiga regnskurar till. S\u00e5ledes finns dom redovisade p\u00e5 detta dygns sammanfattning. Idag har vi sedan haft en dag med v\u00e4xlande molnighet, och framf\u00f6r allt under eftermiddagen s\u00e5 har det &hellip; <a href=\"https:\/\/jensgustafsson.se\/?p=36131\">Forts\u00e4tt l\u00e4sa <span class=\"meta-nav\">&rarr;<\/span><\/a><\/p>\n","protected":false},"author":1,"featured_media":0,"comment_status":"open","ping_status":"","sticky":false,"template":"","format":"standard","meta":{"footnotes":""},"categories":[10],"tags":[],"class_list":["post-36131","post","type-post","status-publish","format-standard","hentry","category-vaderdagbok-2013"],"_links":{"self":[{"href":"https:\/\/jensgustafsson.se\/index.php?rest_route=\/wp\/v2\/posts\/36131","targetHints":{"allow":["GET"]}}],"collection":[{"href":"https:\/\/jensgustafsson.se\/index.php?rest_route=\/wp\/v2\/posts"}],"about":[{"href":"https:\/\/jensgustafsson.se\/index.php?rest_route=\/wp\/v2\/types\/post"}],"author":[{"embeddable":true,"href":"https:\/\/jensgustafsson.se\/index.php?rest_route=\/wp\/v2\/users\/1"}],"replies":[{"embeddable":true,"href":"https:\/\/jensgustafsson.se\/index.php?rest_route=%2Fwp%2Fv2%2Fcomments&post=36131"}],"version-history":[{"count":4,"href":"https:\/\/jensgustafsson.se\/index.php?rest_route=\/wp\/v2\/posts\/36131\/revisions"}],"predecessor-version":[{"id":36138,"href":"https:\/\/jensgustafsson.se\/index.php?rest_route=\/wp\/v2\/posts\/36131\/revisions\/36138"}],"wp:attachment":[{"href":"https:\/\/jensgustafsson.se\/index.php?rest_route=%2Fwp%2Fv2%2Fmedia&parent=36131"}],"wp:term":[{"taxonomy":"category","embeddable":true,"href":"https:\/\/jensgustafsson.se\/index.php?rest_route=%2Fwp%2Fv2%2Fcategories&post=36131"},{"taxonomy":"post_tag","embeddable":true,"href":"https:\/\/jensgustafsson.se\/index.php?rest_route=%2Fwp%2Fv2%2Ftags&post=36131"}],"curies":[{"name":"wp","href":"https:\/\/api.w.org\/{rel}","templated":true}]}}