{"id":36156,"date":"2025-06-10T16:28:27","date_gmt":"2025-06-10T15:28:27","guid":{"rendered":"https:\/\/jensgustafsson.se\/?p=36156"},"modified":"2025-06-11T16:18:16","modified_gmt":"2025-06-11T15:18:16","slug":"tisdag-10-juni-2025","status":"publish","type":"post","link":"https:\/\/jensgustafsson.se\/?p=36156","title":{"rendered":"Tisdag 10 juni 2025."},"content":{"rendered":"\n<p class=\"has-medium-font-size\"><em>En dag med mulet v\u00e4der, och det b\u00f6rjade regna p\u00e5 f\u00f6rmiddagen. Regnet var kraftigt en stund under eftermiddagen.<\/em><\/p>\n\n\n\n<p class=\"has-medium-font-size\"><em>En kylig natt med bara +5,8 grader i minimumtemperatur. Den h\u00f6gsta temperaturen blev +16,1 grader. N\u00e4r det regnade som mest var det bara ca 13 grader.<\/em><\/p>\n\n\n\n<p class=\"has-medium-font-size\"><em>Vinden har varit svag till m\u00e5ttlig omkring sydv\u00e4st.<\/em><\/p>\n\n\n\n<figure class=\"wp-block-image size-large\"><img loading=\"lazy\" decoding=\"async\" width=\"1024\" height=\"728\" src=\"https:\/\/media1.jensgustafsson.se\/2025\/06\/10-juni-2025-1024x728.jpg\" alt=\"\" class=\"wp-image-36160\" srcset=\"https:\/\/media1.jensgustafsson.se\/2025\/06\/10-juni-2025-1024x728.jpg 1024w, https:\/\/media1.jensgustafsson.se\/2025\/06\/10-juni-2025-300x213.jpg 300w, https:\/\/media1.jensgustafsson.se\/2025\/06\/10-juni-2025-768x546.jpg 768w, https:\/\/media1.jensgustafsson.se\/2025\/06\/10-juni-2025-1536x1092.jpg 1536w, https:\/\/media1.jensgustafsson.se\/2025\/06\/10-juni-2025-422x300.jpg 422w, https:\/\/media1.jensgustafsson.se\/2025\/06\/10-juni-2025.jpg 1833w\" sizes=\"auto, (max-width: 1024px) 100vw, 1024px\" \/><figcaption class=\"wp-element-caption\"><strong><em>Tidvis kraftiga skurar i eftermiddag.<\/em><\/strong><\/figcaption><\/figure>\n\n\n\n<p class=\"has-medium-font-size\"><em>En sammanfattning fr\u00e5n min v\u00e4derstation, f\u00f6r de senaste 24 timmarna:<\/em><\/p>\n\n\n\n<p class=\"has-medium-font-size\"><strong>20250610 kl. 17.30<br \/>Min. temp: 5,8<br \/>Max. temp: 16,1 \u00b0C<br \/>Min. lufttryck: 1005,7 hPa<br \/>Max. lufttryck: 1012 hPa<br \/>Min.luftfuktigh. 40 %<br \/>Max.luftfuktigh. 79 %<br \/>Domin. vindriktn.: Sydv\u00e4stlig<br \/>Maxvind: 6 m\/s.<br \/>Nederb\u00f6rd: 7 mm<\/strong><\/p>\n\n\n\n<figure class=\"wp-block-image size-large\"><img loading=\"lazy\" decoding=\"async\" width=\"1024\" height=\"463\" src=\"https:\/\/media1.jensgustafsson.se\/2025\/06\/image-27-1024x463.png\" alt=\"\" class=\"wp-image-36162\" srcset=\"https:\/\/media1.jensgustafsson.se\/2025\/06\/image-27-1024x463.png 1024w, https:\/\/media1.jensgustafsson.se\/2025\/06\/image-27-300x136.png 300w, https:\/\/media1.jensgustafsson.se\/2025\/06\/image-27-768x348.png 768w, https:\/\/media1.jensgustafsson.se\/2025\/06\/image-27-1536x695.png 1536w, https:\/\/media1.jensgustafsson.se\/2025\/06\/image-27-500x226.png 500w, https:\/\/media1.jensgustafsson.se\/2025\/06\/image-27.png 1843w\" sizes=\"auto, (max-width: 1024px) 100vw, 1024px\" \/><figcaption class=\"wp-element-caption\"><strong><em>M\u00e5nadens medeltemperatur \u00e4r t.o.m. idag 0,4 grader kallare  j\u00e4mf\u00f6rt mot den normala.<\/em><\/strong><\/figcaption><\/figure>\n\n\n\n<figure class=\"wp-block-image size-large\"><img loading=\"lazy\" decoding=\"async\" width=\"1024\" height=\"537\" src=\"https:\/\/media1.jensgustafsson.se\/2025\/06\/image-28-1024x537.png\" alt=\"\" class=\"wp-image-36163\" srcset=\"https:\/\/media1.jensgustafsson.se\/2025\/06\/image-28-1024x537.png 1024w, https:\/\/media1.jensgustafsson.se\/2025\/06\/image-28-300x157.png 300w, https:\/\/media1.jensgustafsson.se\/2025\/06\/image-28-768x403.png 768w, https:\/\/media1.jensgustafsson.se\/2025\/06\/image-28-500x262.png 500w, https:\/\/media1.jensgustafsson.se\/2025\/06\/image-28.png 1485w\" sizes=\"auto, (max-width: 1024px) 100vw, 1024px\" \/><figcaption class=\"wp-element-caption\"><strong><em>M\u00e5nadens nederb\u00f6rd \u00e4r t.o.m. idag 43 % av den normala.<\/em><\/strong><\/figcaption><\/figure>\n","protected":false},"excerpt":{"rendered":"<p>En dag med mulet v\u00e4der, och det b\u00f6rjade regna p\u00e5 f\u00f6rmiddagen. Regnet var kraftigt en stund under eftermiddagen. En kylig natt med bara +5,8 grader i minimumtemperatur. Den h\u00f6gsta temperaturen blev +16,1 grader. N\u00e4r det regnade som mest var det &hellip; <a href=\"https:\/\/jensgustafsson.se\/?p=36156\">Forts\u00e4tt l\u00e4sa <span class=\"meta-nav\">&rarr;<\/span><\/a><\/p>\n","protected":false},"author":1,"featured_media":0,"comment_status":"open","ping_status":"","sticky":false,"template":"","format":"standard","meta":{"footnotes":""},"categories":[10],"tags":[],"class_list":["post-36156","post","type-post","status-publish","format-standard","hentry","category-vaderdagbok-2013"],"_links":{"self":[{"href":"https:\/\/jensgustafsson.se\/index.php?rest_route=\/wp\/v2\/posts\/36156","targetHints":{"allow":["GET"]}}],"collection":[{"href":"https:\/\/jensgustafsson.se\/index.php?rest_route=\/wp\/v2\/posts"}],"about":[{"href":"https:\/\/jensgustafsson.se\/index.php?rest_route=\/wp\/v2\/types\/post"}],"author":[{"embeddable":true,"href":"https:\/\/jensgustafsson.se\/index.php?rest_route=\/wp\/v2\/users\/1"}],"replies":[{"embeddable":true,"href":"https:\/\/jensgustafsson.se\/index.php?rest_route=%2Fwp%2Fv2%2Fcomments&post=36156"}],"version-history":[{"count":6,"href":"https:\/\/jensgustafsson.se\/index.php?rest_route=\/wp\/v2\/posts\/36156\/revisions"}],"predecessor-version":[{"id":36177,"href":"https:\/\/jensgustafsson.se\/index.php?rest_route=\/wp\/v2\/posts\/36156\/revisions\/36177"}],"wp:attachment":[{"href":"https:\/\/jensgustafsson.se\/index.php?rest_route=%2Fwp%2Fv2%2Fmedia&parent=36156"}],"wp:term":[{"taxonomy":"category","embeddable":true,"href":"https:\/\/jensgustafsson.se\/index.php?rest_route=%2Fwp%2Fv2%2Fcategories&post=36156"},{"taxonomy":"post_tag","embeddable":true,"href":"https:\/\/jensgustafsson.se\/index.php?rest_route=%2Fwp%2Fv2%2Ftags&post=36156"}],"curies":[{"name":"wp","href":"https:\/\/api.w.org\/{rel}","templated":true}]}}