{"id":36275,"date":"2025-06-24T17:14:43","date_gmt":"2025-06-24T16:14:43","guid":{"rendered":"https:\/\/jensgustafsson.se\/?p=36275"},"modified":"2025-06-24T17:14:43","modified_gmt":"2025-06-24T16:14:43","slug":"tisdag-24-juni-2025","status":"publish","type":"post","link":"https:\/\/jensgustafsson.se\/?p=36275","title":{"rendered":"Tisdag 24 juni 2025."},"content":{"rendered":"\n<p class=\"has-medium-font-size\"><em>P\u00e5 morgonen var det molnigt, och det kom n\u00e5gra kortvariga regnskurar ocks\u00e5. Resten av dagen har det varit v\u00e4xlande molnighet, men i huvudsak uppeh\u00e5llsv\u00e4der.<\/em> <\/p>\n\n\n\n<p class=\"has-medium-font-size\"><em>Den l\u00e4gsta temperaturen blev +10,4 grader, och den h\u00f6gsta blev +18,6 grader. <\/em><\/p>\n\n\n\n<p class=\"has-medium-font-size\"><em>En mycket bl\u00e5sig, och i vinden, sm\u00e5kylig dag, med en frisk vind med h\u00e5rda vindbyar. Riktningen har varit mellan sydv\u00e4st och v\u00e4st. En &#8221;osomrig&#8221; dag kan man sammanfatta denna tisdag som.<\/em><\/p>\n\n\n\n<figure class=\"wp-block-image size-large\"><img loading=\"lazy\" decoding=\"async\" width=\"1024\" height=\"719\" src=\"https:\/\/media1.jensgustafsson.se\/2025\/06\/DSC_3716-1024x719.jpg\" alt=\"\" class=\"wp-image-36280\" srcset=\"https:\/\/media1.jensgustafsson.se\/2025\/06\/DSC_3716-1024x719.jpg 1024w, https:\/\/media1.jensgustafsson.se\/2025\/06\/DSC_3716-300x211.jpg 300w, https:\/\/media1.jensgustafsson.se\/2025\/06\/DSC_3716-768x539.jpg 768w, https:\/\/media1.jensgustafsson.se\/2025\/06\/DSC_3716-1536x1078.jpg 1536w, https:\/\/media1.jensgustafsson.se\/2025\/06\/DSC_3716-2048x1438.jpg 2048w, https:\/\/media1.jensgustafsson.se\/2025\/06\/DSC_3716-427x300.jpg 427w\" sizes=\"auto, (max-width: 1024px) 100vw, 1024px\" \/><\/figure>\n\n\n\n<p class=\"has-medium-font-size\"><em>En sammanfattning fr\u00e5n min v\u00e4derstation, f\u00f6r de senaste 24 timmarna:<\/em><\/p>\n\n\n\n<p class=\"has-medium-font-size\"><strong>20250624 kl. 18.00<br \/>Min. temp: 10,4 \u00b0C<br \/>Max. temp: 18,6 \u00b0C<br \/>Min. lufttryck: 991 hPa<br \/>Max. lufttryck: 993,9 hPa<br \/>Min.luftfuktigh. 52 %<br \/>Max.luftfuktigh. 82 %<br \/>Domin. vindriktn.: V\u00e4stlig<br \/>Maxvind: 13 m\/s.<br \/>Nederb\u00f6rd: 1 mm<\/strong><\/p>\n\n\n\n<figure class=\"wp-block-image size-large\"><img loading=\"lazy\" decoding=\"async\" width=\"1024\" height=\"463\" src=\"https:\/\/media1.jensgustafsson.se\/2025\/06\/image-55-1024x463.png\" alt=\"\" class=\"wp-image-36276\" srcset=\"https:\/\/media1.jensgustafsson.se\/2025\/06\/image-55-1024x463.png 1024w, https:\/\/media1.jensgustafsson.se\/2025\/06\/image-55-300x136.png 300w, https:\/\/media1.jensgustafsson.se\/2025\/06\/image-55-768x347.png 768w, https:\/\/media1.jensgustafsson.se\/2025\/06\/image-55-1536x695.png 1536w, https:\/\/media1.jensgustafsson.se\/2025\/06\/image-55-500x226.png 500w, https:\/\/media1.jensgustafsson.se\/2025\/06\/image-55.png 1844w\" sizes=\"auto, (max-width: 1024px) 100vw, 1024px\" \/><figcaption class=\"wp-element-caption\"><strong><em>M\u00e5nadens medeltemperatur \u00e4r t.o.m. idag 0,6 grader varmare j\u00e4mf\u00f6rt mot den normala.<\/em><\/strong><\/figcaption><\/figure>\n\n\n\n<figure class=\"wp-block-image size-large\"><img loading=\"lazy\" decoding=\"async\" width=\"1024\" height=\"537\" src=\"https:\/\/media1.jensgustafsson.se\/2025\/06\/image-56-1024x537.png\" alt=\"\" class=\"wp-image-36277\" srcset=\"https:\/\/media1.jensgustafsson.se\/2025\/06\/image-56-1024x537.png 1024w, https:\/\/media1.jensgustafsson.se\/2025\/06\/image-56-300x157.png 300w, https:\/\/media1.jensgustafsson.se\/2025\/06\/image-56-768x403.png 768w, https:\/\/media1.jensgustafsson.se\/2025\/06\/image-56-500x262.png 500w, https:\/\/media1.jensgustafsson.se\/2025\/06\/image-56.png 1485w\" sizes=\"auto, (max-width: 1024px) 100vw, 1024px\" \/><figcaption class=\"wp-element-caption\"><strong><em>M\u00e5nadens nederb\u00f6rd \u00e4r t.o.m. idag 69 % av den normala.<\/em><\/strong><\/figcaption><\/figure>\n\n\n\n<p><\/p>\n","protected":false},"excerpt":{"rendered":"<p>P\u00e5 morgonen var det molnigt, och det kom n\u00e5gra kortvariga regnskurar ocks\u00e5. Resten av dagen har det varit v\u00e4xlande molnighet, men i huvudsak uppeh\u00e5llsv\u00e4der. Den l\u00e4gsta temperaturen blev +10,4 grader, och den h\u00f6gsta blev +18,6 grader. En mycket bl\u00e5sig, och &hellip; <a href=\"https:\/\/jensgustafsson.se\/?p=36275\">Forts\u00e4tt l\u00e4sa <span class=\"meta-nav\">&rarr;<\/span><\/a><\/p>\n","protected":false},"author":1,"featured_media":0,"comment_status":"open","ping_status":"","sticky":false,"template":"","format":"standard","meta":{"footnotes":""},"categories":[10],"tags":[],"class_list":["post-36275","post","type-post","status-publish","format-standard","hentry","category-vaderdagbok-2013"],"_links":{"self":[{"href":"https:\/\/jensgustafsson.se\/index.php?rest_route=\/wp\/v2\/posts\/36275","targetHints":{"allow":["GET"]}}],"collection":[{"href":"https:\/\/jensgustafsson.se\/index.php?rest_route=\/wp\/v2\/posts"}],"about":[{"href":"https:\/\/jensgustafsson.se\/index.php?rest_route=\/wp\/v2\/types\/post"}],"author":[{"embeddable":true,"href":"https:\/\/jensgustafsson.se\/index.php?rest_route=\/wp\/v2\/users\/1"}],"replies":[{"embeddable":true,"href":"https:\/\/jensgustafsson.se\/index.php?rest_route=%2Fwp%2Fv2%2Fcomments&post=36275"}],"version-history":[{"count":3,"href":"https:\/\/jensgustafsson.se\/index.php?rest_route=\/wp\/v2\/posts\/36275\/revisions"}],"predecessor-version":[{"id":36281,"href":"https:\/\/jensgustafsson.se\/index.php?rest_route=\/wp\/v2\/posts\/36275\/revisions\/36281"}],"wp:attachment":[{"href":"https:\/\/jensgustafsson.se\/index.php?rest_route=%2Fwp%2Fv2%2Fmedia&parent=36275"}],"wp:term":[{"taxonomy":"category","embeddable":true,"href":"https:\/\/jensgustafsson.se\/index.php?rest_route=%2Fwp%2Fv2%2Fcategories&post=36275"},{"taxonomy":"post_tag","embeddable":true,"href":"https:\/\/jensgustafsson.se\/index.php?rest_route=%2Fwp%2Fv2%2Ftags&post=36275"}],"curies":[{"name":"wp","href":"https:\/\/api.w.org\/{rel}","templated":true}]}}