{"id":3672,"date":"2014-07-07T18:49:55","date_gmt":"2014-07-07T17:49:55","guid":{"rendered":"http:\/\/jensgustafsson.se\/?p=3672"},"modified":"2014-07-07T18:49:55","modified_gmt":"2014-07-07T17:49:55","slug":"mandag-7-juli-2014","status":"publish","type":"post","link":"https:\/\/jensgustafsson.se\/?p=3672","title":{"rendered":"M\u00e5ndag 7 juli 2014."},"content":{"rendered":"<p><span style=\"color: #33cccc;\"><em>Den h\u00e4r dagen var ganska lik g\u00e5rdagen&#8230;.\u00f6verv\u00e4gande soligt och rekordvarmt f\u00f6r i \u00e5r&#8230;29,9 grader som max, tur man har semester, men tyv\u00e4rr f\u00f6rkyld och allm\u00e4nt h\u00e4ngig p\u00e5 grund av feber, hoppas p\u00e5 b\u00e4ttring till imorgon s\u00e5 att man kan b\u00f6rja fungera normalt och njuta av ledigheten.<\/em><\/span><\/p>\n<p><span style=\"color: #33cccc;\"><em>Loggning fr\u00e5n v\u00e4derstationen under tiden 20140706 kl.20.45 till 20140707 kl.19.45:<\/em><\/span><\/p>\n<p><span style=\"color: #33cccc;\"><em>Aktuell temp: 28,4 \u00b0C<\/em><\/span><br \/>\n<span style=\"color: #33cccc;\"><em>Mintemp: 16,5 \u00b0C<\/em><\/span><br \/>\n<span style=\"color: #33cccc;\"><em>Maxtemp: 29,9 \u00b0C<\/em><\/span><br \/>\n<span style=\"color: #33cccc;\"><em>Luftfuktigh: 52 %.<\/em><\/span><br \/>\n<span style=\"color: #33cccc;\"><em>Min. 51 %.<\/em><\/span><br \/>\n<span style=\"color: #33cccc;\"><em>Max. 86 %.<\/em><\/span><br \/>\n<span style=\"color: #33cccc;\"><em>Lufttryck: 1016,2 hPa<\/em><\/span><br \/>\n<span style=\"color: #33cccc;\"><em>Min. 1012,5 hPa<\/em><\/span><br \/>\n<span style=\"color: #33cccc;\"><em>Max. 1016,3 hPa<\/em><\/span><br \/>\n<span style=\"color: #33cccc;\"><em>Vindriktning: Ostlig. <\/em><\/span><br \/>\n<span style=\"color: #33cccc;\"><em>Vindhast. 2 m\/s.<\/em><\/span><br \/>\n<span style=\"color: #33cccc;\"><em>Maxvind: 5 m\/s.<\/em><\/span><br \/>\n<span style=\"color: #33cccc;\"><em>Nederb\u00f6rd: 0 mm<\/em><\/span><\/p>\n<p>&nbsp;<\/p>\n<p>&nbsp;<\/p>\n","protected":false},"excerpt":{"rendered":"<p>Den h\u00e4r dagen var ganska lik g\u00e5rdagen&#8230;.\u00f6verv\u00e4gande soligt och rekordvarmt f\u00f6r i \u00e5r&#8230;29,9 grader som max, tur man har semester, men tyv\u00e4rr f\u00f6rkyld och allm\u00e4nt h\u00e4ngig p\u00e5 grund av feber, hoppas p\u00e5 b\u00e4ttring till imorgon s\u00e5 att man kan b\u00f6rja &hellip; <a href=\"https:\/\/jensgustafsson.se\/?p=3672\">Forts\u00e4tt l\u00e4sa <span class=\"meta-nav\">&rarr;<\/span><\/a><\/p>\n","protected":false},"author":1,"featured_media":0,"comment_status":"open","ping_status":"open","sticky":false,"template":"","format":"standard","meta":{"footnotes":""},"categories":[10],"tags":[],"class_list":["post-3672","post","type-post","status-publish","format-standard","hentry","category-vaderdagbok-2013"],"_links":{"self":[{"href":"https:\/\/jensgustafsson.se\/index.php?rest_route=\/wp\/v2\/posts\/3672","targetHints":{"allow":["GET"]}}],"collection":[{"href":"https:\/\/jensgustafsson.se\/index.php?rest_route=\/wp\/v2\/posts"}],"about":[{"href":"https:\/\/jensgustafsson.se\/index.php?rest_route=\/wp\/v2\/types\/post"}],"author":[{"embeddable":true,"href":"https:\/\/jensgustafsson.se\/index.php?rest_route=\/wp\/v2\/users\/1"}],"replies":[{"embeddable":true,"href":"https:\/\/jensgustafsson.se\/index.php?rest_route=%2Fwp%2Fv2%2Fcomments&post=3672"}],"version-history":[{"count":1,"href":"https:\/\/jensgustafsson.se\/index.php?rest_route=\/wp\/v2\/posts\/3672\/revisions"}],"predecessor-version":[{"id":3673,"href":"https:\/\/jensgustafsson.se\/index.php?rest_route=\/wp\/v2\/posts\/3672\/revisions\/3673"}],"wp:attachment":[{"href":"https:\/\/jensgustafsson.se\/index.php?rest_route=%2Fwp%2Fv2%2Fmedia&parent=3672"}],"wp:term":[{"taxonomy":"category","embeddable":true,"href":"https:\/\/jensgustafsson.se\/index.php?rest_route=%2Fwp%2Fv2%2Fcategories&post=3672"},{"taxonomy":"post_tag","embeddable":true,"href":"https:\/\/jensgustafsson.se\/index.php?rest_route=%2Fwp%2Fv2%2Ftags&post=3672"}],"curies":[{"name":"wp","href":"https:\/\/api.w.org\/{rel}","templated":true}]}}