{"id":3674,"date":"2014-07-08T19:03:04","date_gmt":"2014-07-08T18:03:04","guid":{"rendered":"http:\/\/jensgustafsson.se\/?p=3674"},"modified":"2014-07-08T19:03:04","modified_gmt":"2014-07-08T18:03:04","slug":"tisdag-8-juli-2014","status":"publish","type":"post","link":"https:\/\/jensgustafsson.se\/?p=3674","title":{"rendered":"Tisdag 8 juli 2014."},"content":{"rendered":"<p><span style=\"color: #33cccc;\"><em>\u00c4nnu en dag med \u00f6verv\u00e4gande solsken, med l\u00e4tta molnflak som dragit f\u00f6rbi. Vinden har friskat i lite mera idag j\u00e4mf\u00f6rt med ig\u00e5r, och resulterat i en aning mindre i maxtemp idag, men n\u00e4stan 29 grader f\u00e5r duga tycker jag.<\/em><\/span><\/p>\n<p><span style=\"color: #33cccc;\"><em>V\u00e4derloggen fr\u00e5n 20140407 kl.19.30 till 20140708 kl.20.00:<\/em><\/span><\/p>\n<p style=\"text-align: justify;\"><span style=\"color: #33cccc;\"><em>Aktuell temp: 26,4 \u00b0C<\/em><\/span><br \/>\n<span style=\"color: #33cccc;\"><em>Mintemp: 16,8 \u00b0C<\/em><\/span><br \/>\n<span style=\"color: #33cccc;\"><em>Maxtemp: 28,4 \u00b0C<\/em><\/span><br \/>\n<span style=\"color: #33cccc;\"><em>Luftfuktigh: 56 %.<\/em><\/span><br \/>\n<span style=\"color: #33cccc;\"><em>Min. 52 %.<\/em><\/span><br \/>\n<span style=\"color: #33cccc;\"><em>Max. 85 %.<\/em><\/span><br \/>\n<span style=\"color: #33cccc;\"><em>Lufttryck: 1013,5 hPa<\/em><\/span><br \/>\n<span style=\"color: #33cccc;\"><em>Min. 1013,3 hPa<\/em><\/span><br \/>\n<span style=\"color: #33cccc;\"><em>Max. 1017,2 hPa<\/em><\/span><br \/>\n<span style=\"color: #33cccc;\"><em>Vindriktning: Ostlig. <\/em><\/span><br \/>\n<span style=\"color: #33cccc;\"><em>Vindhast. 1 m\/s.<\/em><\/span><br \/>\n<span style=\"color: #33cccc;\"><em>Maxvind: 8 m\/s.<\/em><\/span><br \/>\n<span style=\"color: #33cccc;\"><em>Nederb\u00f6rd: 0 mm<\/em><\/span><\/p>\n","protected":false},"excerpt":{"rendered":"<p>\u00c4nnu en dag med \u00f6verv\u00e4gande solsken, med l\u00e4tta molnflak som dragit f\u00f6rbi. Vinden har friskat i lite mera idag j\u00e4mf\u00f6rt med ig\u00e5r, och resulterat i en aning mindre i maxtemp idag, men n\u00e4stan 29 grader f\u00e5r duga tycker jag. V\u00e4derloggen &hellip; <a href=\"https:\/\/jensgustafsson.se\/?p=3674\">Forts\u00e4tt l\u00e4sa <span class=\"meta-nav\">&rarr;<\/span><\/a><\/p>\n","protected":false},"author":1,"featured_media":0,"comment_status":"open","ping_status":"open","sticky":false,"template":"","format":"standard","meta":{"footnotes":""},"categories":[10],"tags":[],"class_list":["post-3674","post","type-post","status-publish","format-standard","hentry","category-vaderdagbok-2013"],"_links":{"self":[{"href":"https:\/\/jensgustafsson.se\/index.php?rest_route=\/wp\/v2\/posts\/3674","targetHints":{"allow":["GET"]}}],"collection":[{"href":"https:\/\/jensgustafsson.se\/index.php?rest_route=\/wp\/v2\/posts"}],"about":[{"href":"https:\/\/jensgustafsson.se\/index.php?rest_route=\/wp\/v2\/types\/post"}],"author":[{"embeddable":true,"href":"https:\/\/jensgustafsson.se\/index.php?rest_route=\/wp\/v2\/users\/1"}],"replies":[{"embeddable":true,"href":"https:\/\/jensgustafsson.se\/index.php?rest_route=%2Fwp%2Fv2%2Fcomments&post=3674"}],"version-history":[{"count":1,"href":"https:\/\/jensgustafsson.se\/index.php?rest_route=\/wp\/v2\/posts\/3674\/revisions"}],"predecessor-version":[{"id":3675,"href":"https:\/\/jensgustafsson.se\/index.php?rest_route=\/wp\/v2\/posts\/3674\/revisions\/3675"}],"wp:attachment":[{"href":"https:\/\/jensgustafsson.se\/index.php?rest_route=%2Fwp%2Fv2%2Fmedia&parent=3674"}],"wp:term":[{"taxonomy":"category","embeddable":true,"href":"https:\/\/jensgustafsson.se\/index.php?rest_route=%2Fwp%2Fv2%2Fcategories&post=3674"},{"taxonomy":"post_tag","embeddable":true,"href":"https:\/\/jensgustafsson.se\/index.php?rest_route=%2Fwp%2Fv2%2Ftags&post=3674"}],"curies":[{"name":"wp","href":"https:\/\/api.w.org\/{rel}","templated":true}]}}