{"id":36827,"date":"2025-08-23T19:37:18","date_gmt":"2025-08-23T18:37:18","guid":{"rendered":"https:\/\/jensgustafsson.se\/?p=36827"},"modified":"2025-08-23T19:37:18","modified_gmt":"2025-08-23T18:37:18","slug":"lordag-23-augusti-2025","status":"publish","type":"post","link":"https:\/\/jensgustafsson.se\/?p=36827","title":{"rendered":"L\u00f6rdag 23 augusti 2025."},"content":{"rendered":"\n<p class=\"has-medium-font-size\"><em>En dag med v\u00e4xlande molnighet har vi haft idag.<\/em><\/p>\n\n\n\n<p class=\"has-medium-font-size\"><em>En riktigt kylig natt med vara +4,7 grader som l\u00e4gst. Ganska blygsam dagstemperatur ocks\u00e5, den h\u00f6gsta temperaturen idag blev +17,4 grader.<\/em><\/p>\n\n\n\n<p class=\"has-medium-font-size\"><em>M\u00e5ttlig till frisk, nordv\u00e4stlig, kylig vind.<\/em><\/p>\n\n\n\n<figure class=\"wp-block-image size-large\"><img loading=\"lazy\" decoding=\"async\" width=\"1024\" height=\"769\" src=\"https:\/\/media1.jensgustafsson.se\/2025\/08\/DSC_4666-1024x769.jpg\" alt=\"\" class=\"wp-image-36832\" srcset=\"https:\/\/media1.jensgustafsson.se\/2025\/08\/DSC_4666-1024x769.jpg 1024w, https:\/\/media1.jensgustafsson.se\/2025\/08\/DSC_4666-300x225.jpg 300w, https:\/\/media1.jensgustafsson.se\/2025\/08\/DSC_4666-768x577.jpg 768w, https:\/\/media1.jensgustafsson.se\/2025\/08\/DSC_4666-1536x1154.jpg 1536w, https:\/\/media1.jensgustafsson.se\/2025\/08\/DSC_4666-2048x1538.jpg 2048w, https:\/\/media1.jensgustafsson.se\/2025\/08\/DSC_4666-399x300.jpg 399w\" sizes=\"auto, (max-width: 1024px) 100vw, 1024px\" \/><figcaption class=\"wp-element-caption\"><strong><em>Sm\u00e5 bl\u00e5klockor i morgonljuset idag.<\/em><\/strong><\/figcaption><\/figure>\n\n\n\n<p class=\"has-medium-font-size\"><em>En sammanfattning fr\u00e5n min v\u00e4derstation, f\u00f6r de senaste 24 timmarna<\/em>:<\/p>\n\n\n\n<p class=\"has-medium-font-size\"><em><strong>20250823 kl. 20.30<br \/>Min. temp: 4,7 \u00b0C<br \/>Max. temp: 17,4 \u00b0C<br \/>Min. lufttryck: 1002,1 hPa<br \/>Max. lufttryck: 1006 hPa<br \/>Min.luftfuktigh. 41 %<br \/>Max.luftfuktigh. 85 %<br \/>Domin. vindriktn.: Nordv\u00e4stlig<br \/>Maxvind: 7 m\/s.<br \/>Nederb\u00f6rd: 0 mm<br \/>Meteorologisk \u00e5rstid: Sommar<br \/>Kalendarisk \u00e5rstid: Sommarm\u00e5nad 3 av 3<\/strong><\/em><\/p>\n\n\n\n<figure class=\"wp-block-image size-large\"><img loading=\"lazy\" decoding=\"async\" width=\"1024\" height=\"463\" src=\"https:\/\/media1.jensgustafsson.se\/2025\/08\/image-47-1024x463.png\" alt=\"\" class=\"wp-image-36828\" srcset=\"https:\/\/media1.jensgustafsson.se\/2025\/08\/image-47-1024x463.png 1024w, https:\/\/media1.jensgustafsson.se\/2025\/08\/image-47-300x136.png 300w, https:\/\/media1.jensgustafsson.se\/2025\/08\/image-47-768x348.png 768w, https:\/\/media1.jensgustafsson.se\/2025\/08\/image-47-1536x695.png 1536w, https:\/\/media1.jensgustafsson.se\/2025\/08\/image-47-500x226.png 500w, https:\/\/media1.jensgustafsson.se\/2025\/08\/image-47.png 1843w\" sizes=\"auto, (max-width: 1024px) 100vw, 1024px\" \/><figcaption class=\"wp-element-caption\"><strong><em>M\u00e5nadens medeltemperatur \u00e4r t.o.m. idag 0,4 grader varmare j\u00e4mf\u00f6rt mot den normala.<\/em><\/strong><\/figcaption><\/figure>\n\n\n\n<figure class=\"wp-block-image size-large\"><img loading=\"lazy\" decoding=\"async\" width=\"1024\" height=\"537\" src=\"https:\/\/media1.jensgustafsson.se\/2025\/08\/image-48-1024x537.png\" alt=\"\" class=\"wp-image-36829\" srcset=\"https:\/\/media1.jensgustafsson.se\/2025\/08\/image-48-1024x537.png 1024w, https:\/\/media1.jensgustafsson.se\/2025\/08\/image-48-300x157.png 300w, https:\/\/media1.jensgustafsson.se\/2025\/08\/image-48-768x403.png 768w, https:\/\/media1.jensgustafsson.se\/2025\/08\/image-48-500x262.png 500w, https:\/\/media1.jensgustafsson.se\/2025\/08\/image-48.png 1485w\" sizes=\"auto, (max-width: 1024px) 100vw, 1024px\" \/><figcaption class=\"wp-element-caption\"><strong><em>M\u00e5nadens nederb\u00f6rd \u00e4r t.o.m. idag 6 % av den normala.<\/em><\/strong><\/figcaption><\/figure>\n","protected":false},"excerpt":{"rendered":"<p>En dag med v\u00e4xlande molnighet har vi haft idag. En riktigt kylig natt med vara +4,7 grader som l\u00e4gst. Ganska blygsam dagstemperatur ocks\u00e5, den h\u00f6gsta temperaturen idag blev +17,4 grader. M\u00e5ttlig till frisk, nordv\u00e4stlig, kylig vind. En sammanfattning fr\u00e5n min &hellip; <a href=\"https:\/\/jensgustafsson.se\/?p=36827\">Forts\u00e4tt l\u00e4sa <span class=\"meta-nav\">&rarr;<\/span><\/a><\/p>\n","protected":false},"author":1,"featured_media":0,"comment_status":"open","ping_status":"","sticky":false,"template":"","format":"standard","meta":{"footnotes":""},"categories":[10],"tags":[],"class_list":["post-36827","post","type-post","status-publish","format-standard","hentry","category-vaderdagbok-2013"],"_links":{"self":[{"href":"https:\/\/jensgustafsson.se\/index.php?rest_route=\/wp\/v2\/posts\/36827","targetHints":{"allow":["GET"]}}],"collection":[{"href":"https:\/\/jensgustafsson.se\/index.php?rest_route=\/wp\/v2\/posts"}],"about":[{"href":"https:\/\/jensgustafsson.se\/index.php?rest_route=\/wp\/v2\/types\/post"}],"author":[{"embeddable":true,"href":"https:\/\/jensgustafsson.se\/index.php?rest_route=\/wp\/v2\/users\/1"}],"replies":[{"embeddable":true,"href":"https:\/\/jensgustafsson.se\/index.php?rest_route=%2Fwp%2Fv2%2Fcomments&post=36827"}],"version-history":[{"count":3,"href":"https:\/\/jensgustafsson.se\/index.php?rest_route=\/wp\/v2\/posts\/36827\/revisions"}],"predecessor-version":[{"id":36833,"href":"https:\/\/jensgustafsson.se\/index.php?rest_route=\/wp\/v2\/posts\/36827\/revisions\/36833"}],"wp:attachment":[{"href":"https:\/\/jensgustafsson.se\/index.php?rest_route=%2Fwp%2Fv2%2Fmedia&parent=36827"}],"wp:term":[{"taxonomy":"category","embeddable":true,"href":"https:\/\/jensgustafsson.se\/index.php?rest_route=%2Fwp%2Fv2%2Fcategories&post=36827"},{"taxonomy":"post_tag","embeddable":true,"href":"https:\/\/jensgustafsson.se\/index.php?rest_route=%2Fwp%2Fv2%2Ftags&post=36827"}],"curies":[{"name":"wp","href":"https:\/\/api.w.org\/{rel}","templated":true}]}}