{"id":36834,"date":"2025-08-24T16:42:16","date_gmt":"2025-08-24T15:42:16","guid":{"rendered":"https:\/\/jensgustafsson.se\/?p=36834"},"modified":"2025-08-24T16:42:16","modified_gmt":"2025-08-24T15:42:16","slug":"sondag-24-augusti-2025","status":"publish","type":"post","link":"https:\/\/jensgustafsson.se\/?p=36834","title":{"rendered":"S\u00f6ndag 24 augusti 2025."},"content":{"rendered":"\n<p class=\"has-medium-font-size\"><em>P\u00e5 morgonen var det lite molnigt. D\u00e4refter blev solen allt mera dominerande, och bara lite mindre stackmoln som drog f\u00f6rbi.<\/em><\/p>\n\n\n\n<p class=\"has-medium-font-size\"><em>Inte s\u00e5 kyligt i natt, tack vare att det varit lite molnigt. Den l\u00e4gsta temperaturen blev +<\/em>9,4 grader. Den h\u00f6gsta dagstemperaturen stannade p\u00e5 +20 grader.<\/p>\n\n\n\n<p class=\"has-medium-font-size\"><em>Vinden har varit m\u00e5ttlig till frisk, v\u00e4stlig, under eftermiddagen vridande mot nordv\u00e4st.<\/em><\/p>\n\n\n\n<figure class=\"wp-block-image size-large\"><img loading=\"lazy\" decoding=\"async\" width=\"1024\" height=\"781\" src=\"https:\/\/media1.jensgustafsson.se\/2025\/08\/24-aug-2025-2-1024x781.jpg\" alt=\"\" class=\"wp-image-36836\" srcset=\"https:\/\/media1.jensgustafsson.se\/2025\/08\/24-aug-2025-2-1024x781.jpg 1024w, https:\/\/media1.jensgustafsson.se\/2025\/08\/24-aug-2025-2-300x229.jpg 300w, https:\/\/media1.jensgustafsson.se\/2025\/08\/24-aug-2025-2-768x585.jpg 768w, https:\/\/media1.jensgustafsson.se\/2025\/08\/24-aug-2025-2-1536x1171.jpg 1536w, https:\/\/media1.jensgustafsson.se\/2025\/08\/24-aug-2025-2-394x300.jpg 394w, https:\/\/media1.jensgustafsson.se\/2025\/08\/24-aug-2025-2.jpg 1674w\" sizes=\"auto, (max-width: 1024px) 100vw, 1024px\" \/><figcaption class=\"wp-element-caption\"><strong><em>F\u00e5gelfors kyrka p\u00e5 f\u00f6rmiddagen idag.<\/em><\/strong><\/figcaption><\/figure>\n\n\n\n<p class=\"has-medium-font-size\"><em>En sammanfattning fr\u00e5n min v\u00e4derstation, f\u00f6r de senaste 24 timmarna<\/em>:<\/p>\n\n\n\n<p class=\"has-medium-font-size\"><strong><em>20250824 kl. 17.30<br \/>Min. temp: 9,4 \u00b0C<br \/>Max. temp: 20 \u00b0C<br \/>Min. lufttryck: 1005,9 hPa<br \/>Max. lufttryck: 1007,7 hPa<br \/>Min.luftfuktigh. 40 %<br \/>Max.luftfuktigh. 73 %<br \/>Domin. vindriktn.: V\u00e4stlig<br \/>Maxvind: 8 m\/s.<br \/>Nederb\u00f6rd: 0 mm<\/em><\/strong><\/p>\n\n\n\n<figure class=\"wp-block-image size-large\"><img loading=\"lazy\" decoding=\"async\" width=\"1024\" height=\"463\" src=\"https:\/\/media1.jensgustafsson.se\/2025\/08\/image-49-1024x463.png\" alt=\"\" class=\"wp-image-36838\" srcset=\"https:\/\/media1.jensgustafsson.se\/2025\/08\/image-49-1024x463.png 1024w, https:\/\/media1.jensgustafsson.se\/2025\/08\/image-49-300x136.png 300w, https:\/\/media1.jensgustafsson.se\/2025\/08\/image-49-768x347.png 768w, https:\/\/media1.jensgustafsson.se\/2025\/08\/image-49-1536x695.png 1536w, https:\/\/media1.jensgustafsson.se\/2025\/08\/image-49-500x226.png 500w, https:\/\/media1.jensgustafsson.se\/2025\/08\/image-49.png 1844w\" sizes=\"auto, (max-width: 1024px) 100vw, 1024px\" \/><figcaption class=\"wp-element-caption\"><strong><em>M\u00e5nadens medeltemperatur \u00e4r t.o.m. idag 0,3 grader varmare j\u00e4mf\u00f6rt mot den normala.<\/em><\/strong><\/figcaption><\/figure>\n\n\n\n<figure class=\"wp-block-image size-large\"><img loading=\"lazy\" decoding=\"async\" width=\"1024\" height=\"537\" src=\"https:\/\/media1.jensgustafsson.se\/2025\/08\/image-50-1024x537.png\" alt=\"\" class=\"wp-image-36839\" srcset=\"https:\/\/media1.jensgustafsson.se\/2025\/08\/image-50-1024x537.png 1024w, https:\/\/media1.jensgustafsson.se\/2025\/08\/image-50-300x157.png 300w, https:\/\/media1.jensgustafsson.se\/2025\/08\/image-50-768x403.png 768w, https:\/\/media1.jensgustafsson.se\/2025\/08\/image-50-500x262.png 500w, https:\/\/media1.jensgustafsson.se\/2025\/08\/image-50.png 1485w\" sizes=\"auto, (max-width: 1024px) 100vw, 1024px\" \/><figcaption class=\"wp-element-caption\"><strong><em>M\u00e5nadens nederb\u00f6rd \u00e4r t.o.m. idag 6 % av den normala.<\/em><\/strong><\/figcaption><\/figure>\n\n\n\n<p><\/p>\n","protected":false},"excerpt":{"rendered":"<p>P\u00e5 morgonen var det lite molnigt. D\u00e4refter blev solen allt mera dominerande, och bara lite mindre stackmoln som drog f\u00f6rbi. Inte s\u00e5 kyligt i natt, tack vare att det varit lite molnigt. Den l\u00e4gsta temperaturen blev +9,4 grader. Den h\u00f6gsta &hellip; <a href=\"https:\/\/jensgustafsson.se\/?p=36834\">Forts\u00e4tt l\u00e4sa <span class=\"meta-nav\">&rarr;<\/span><\/a><\/p>\n","protected":false},"author":1,"featured_media":0,"comment_status":"open","ping_status":"","sticky":false,"template":"","format":"standard","meta":{"footnotes":""},"categories":[10],"tags":[],"class_list":["post-36834","post","type-post","status-publish","format-standard","hentry","category-vaderdagbok-2013"],"_links":{"self":[{"href":"https:\/\/jensgustafsson.se\/index.php?rest_route=\/wp\/v2\/posts\/36834","targetHints":{"allow":["GET"]}}],"collection":[{"href":"https:\/\/jensgustafsson.se\/index.php?rest_route=\/wp\/v2\/posts"}],"about":[{"href":"https:\/\/jensgustafsson.se\/index.php?rest_route=\/wp\/v2\/types\/post"}],"author":[{"embeddable":true,"href":"https:\/\/jensgustafsson.se\/index.php?rest_route=\/wp\/v2\/users\/1"}],"replies":[{"embeddable":true,"href":"https:\/\/jensgustafsson.se\/index.php?rest_route=%2Fwp%2Fv2%2Fcomments&post=36834"}],"version-history":[{"count":3,"href":"https:\/\/jensgustafsson.se\/index.php?rest_route=\/wp\/v2\/posts\/36834\/revisions"}],"predecessor-version":[{"id":36840,"href":"https:\/\/jensgustafsson.se\/index.php?rest_route=\/wp\/v2\/posts\/36834\/revisions\/36840"}],"wp:attachment":[{"href":"https:\/\/jensgustafsson.se\/index.php?rest_route=%2Fwp%2Fv2%2Fmedia&parent=36834"}],"wp:term":[{"taxonomy":"category","embeddable":true,"href":"https:\/\/jensgustafsson.se\/index.php?rest_route=%2Fwp%2Fv2%2Fcategories&post=36834"},{"taxonomy":"post_tag","embeddable":true,"href":"https:\/\/jensgustafsson.se\/index.php?rest_route=%2Fwp%2Fv2%2Ftags&post=36834"}],"curies":[{"name":"wp","href":"https:\/\/api.w.org\/{rel}","templated":true}]}}