{"id":36841,"date":"2025-08-25T16:37:25","date_gmt":"2025-08-25T15:37:25","guid":{"rendered":"https:\/\/jensgustafsson.se\/?p=36841"},"modified":"2025-08-25T16:37:25","modified_gmt":"2025-08-25T15:37:25","slug":"mandag-25-augusti-2025","status":"publish","type":"post","link":"https:\/\/jensgustafsson.se\/?p=36841","title":{"rendered":"M\u00e5ndag 25 augusti 2025."},"content":{"rendered":"\n<p class=\"has-medium-font-size\"><em>P\u00e5 morgonen och f\u00f6rmiddagen dominerade molnen idag. Det kom n\u00e5gra regnst\u00e4nk under f\u00f6rmiddagen, men inget som var m\u00e4tbart. Vid lunchtid l\u00e4ttade molnen norr ifr\u00e5n, och d\u00e4refter har vi haft v\u00e4xlande molnighet.<\/em><\/p>\n\n\n\n<p class=\"has-medium-font-size\"><em>Den l\u00e4gsta temperaturen i natt blev +7,9 grader. Den h\u00f6gsta dagstemperaturen blev +19,3 grader.<\/em><\/p>\n\n\n\n<p class=\"has-medium-font-size\"><em>Vinden har varit svag till m\u00e5ttlig, p\u00e5 morgonen v\u00e4stlig, under f\u00f6rmiddagen vred den till nordv\u00e4st.<\/em><\/p>\n\n\n\n<figure class=\"wp-block-image size-large\"><img loading=\"lazy\" decoding=\"async\" width=\"1024\" height=\"682\" src=\"https:\/\/media1.jensgustafsson.se\/2025\/08\/DSC_4705-1024x682.jpg\" alt=\"\" class=\"wp-image-36848\" srcset=\"https:\/\/media1.jensgustafsson.se\/2025\/08\/DSC_4705-1024x682.jpg 1024w, https:\/\/media1.jensgustafsson.se\/2025\/08\/DSC_4705-300x200.jpg 300w, https:\/\/media1.jensgustafsson.se\/2025\/08\/DSC_4705-768x512.jpg 768w, https:\/\/media1.jensgustafsson.se\/2025\/08\/DSC_4705-1536x1024.jpg 1536w, https:\/\/media1.jensgustafsson.se\/2025\/08\/DSC_4705-2048x1365.jpg 2048w, https:\/\/media1.jensgustafsson.se\/2025\/08\/DSC_4705-450x300.jpg 450w\" sizes=\"auto, (max-width: 1024px) 100vw, 1024px\" \/><figcaption class=\"wp-element-caption\"><strong><em>Foto taget vid Granhults kyrka, l\u00f6rdag kv\u00e4ll  23 augusti 2025.<\/em><\/strong><\/figcaption><\/figure>\n\n\n\n<p class=\"has-medium-font-size\"><em>En sammanfattning fr\u00e5n min v\u00e4derstation, f\u00f6r de senaste 24 timmarna<\/em>:<\/p>\n\n\n\n<p class=\"has-medium-font-size\">20250825 kl. 17.30<br \/><strong><em>Min. temp: 7,9 \u00b0C<br \/>Max. temp: 19,3 \u00b0C<br \/>Min. lufttryck: 1006,7 hPa<br \/>Max. lufttryck: 1008,6 hPa<br \/>Min.luftfuktigh. 37 %<br \/>Max.luftfuktigh. 75 %<br \/>Domin. vindriktn.: Nordv\u00e4stlig<br \/>Maxvind: 6 m\/s.<br \/>Nederb\u00f6rd: 0 mm<br \/>Meteorologisk \u00e5rstid: Sommar<br \/>Kalendarisk \u00e5rstid: Sommarm\u00e5nad 3 av 3<\/em><\/strong><\/p>\n\n\n\n<figure class=\"wp-block-image size-large\"><img loading=\"lazy\" decoding=\"async\" width=\"1024\" height=\"463\" src=\"https:\/\/media1.jensgustafsson.se\/2025\/08\/image-51-1024x463.png\" alt=\"\" class=\"wp-image-36844\" srcset=\"https:\/\/media1.jensgustafsson.se\/2025\/08\/image-51-1024x463.png 1024w, https:\/\/media1.jensgustafsson.se\/2025\/08\/image-51-300x136.png 300w, https:\/\/media1.jensgustafsson.se\/2025\/08\/image-51-768x347.png 768w, https:\/\/media1.jensgustafsson.se\/2025\/08\/image-51-1536x695.png 1536w, https:\/\/media1.jensgustafsson.se\/2025\/08\/image-51-500x226.png 500w, https:\/\/media1.jensgustafsson.se\/2025\/08\/image-51.png 1844w\" sizes=\"auto, (max-width: 1024px) 100vw, 1024px\" \/><figcaption class=\"wp-element-caption\"><strong><em>M\u00e5nadens medeltemperatur \u00e4r t.o.m. idag 0,1 grader varmare j\u00e4mf\u00f6rt mot den normala.<\/em><\/strong><\/figcaption><\/figure>\n\n\n\n<figure class=\"wp-block-image size-large\"><img loading=\"lazy\" decoding=\"async\" width=\"1024\" height=\"537\" src=\"https:\/\/media1.jensgustafsson.se\/2025\/08\/image-52-1024x537.png\" alt=\"\" class=\"wp-image-36845\" srcset=\"https:\/\/media1.jensgustafsson.se\/2025\/08\/image-52-1024x537.png 1024w, https:\/\/media1.jensgustafsson.se\/2025\/08\/image-52-300x157.png 300w, https:\/\/media1.jensgustafsson.se\/2025\/08\/image-52-768x403.png 768w, https:\/\/media1.jensgustafsson.se\/2025\/08\/image-52-500x262.png 500w, https:\/\/media1.jensgustafsson.se\/2025\/08\/image-52.png 1485w\" sizes=\"auto, (max-width: 1024px) 100vw, 1024px\" \/><figcaption class=\"wp-element-caption\"><strong><em>M\u00e5nadens nederb\u00f6rd \u00e4r t.o.m. idag 6 % av den normala.<\/em><\/strong><\/figcaption><\/figure>\n","protected":false},"excerpt":{"rendered":"<p>P\u00e5 morgonen och f\u00f6rmiddagen dominerade molnen idag. Det kom n\u00e5gra regnst\u00e4nk under f\u00f6rmiddagen, men inget som var m\u00e4tbart. Vid lunchtid l\u00e4ttade molnen norr ifr\u00e5n, och d\u00e4refter har vi haft v\u00e4xlande molnighet. Den l\u00e4gsta temperaturen i natt blev +7,9 grader. Den &hellip; <a href=\"https:\/\/jensgustafsson.se\/?p=36841\">Forts\u00e4tt l\u00e4sa <span class=\"meta-nav\">&rarr;<\/span><\/a><\/p>\n","protected":false},"author":1,"featured_media":0,"comment_status":"open","ping_status":"","sticky":false,"template":"","format":"standard","meta":{"footnotes":""},"categories":[10],"tags":[],"class_list":["post-36841","post","type-post","status-publish","format-standard","hentry","category-vaderdagbok-2013"],"_links":{"self":[{"href":"https:\/\/jensgustafsson.se\/index.php?rest_route=\/wp\/v2\/posts\/36841","targetHints":{"allow":["GET"]}}],"collection":[{"href":"https:\/\/jensgustafsson.se\/index.php?rest_route=\/wp\/v2\/posts"}],"about":[{"href":"https:\/\/jensgustafsson.se\/index.php?rest_route=\/wp\/v2\/types\/post"}],"author":[{"embeddable":true,"href":"https:\/\/jensgustafsson.se\/index.php?rest_route=\/wp\/v2\/users\/1"}],"replies":[{"embeddable":true,"href":"https:\/\/jensgustafsson.se\/index.php?rest_route=%2Fwp%2Fv2%2Fcomments&post=36841"}],"version-history":[{"count":5,"href":"https:\/\/jensgustafsson.se\/index.php?rest_route=\/wp\/v2\/posts\/36841\/revisions"}],"predecessor-version":[{"id":36850,"href":"https:\/\/jensgustafsson.se\/index.php?rest_route=\/wp\/v2\/posts\/36841\/revisions\/36850"}],"wp:attachment":[{"href":"https:\/\/jensgustafsson.se\/index.php?rest_route=%2Fwp%2Fv2%2Fmedia&parent=36841"}],"wp:term":[{"taxonomy":"category","embeddable":true,"href":"https:\/\/jensgustafsson.se\/index.php?rest_route=%2Fwp%2Fv2%2Fcategories&post=36841"},{"taxonomy":"post_tag","embeddable":true,"href":"https:\/\/jensgustafsson.se\/index.php?rest_route=%2Fwp%2Fv2%2Ftags&post=36841"}],"curies":[{"name":"wp","href":"https:\/\/api.w.org\/{rel}","templated":true}]}}