{"id":3685,"date":"2014-07-11T20:09:29","date_gmt":"2014-07-11T19:09:29","guid":{"rendered":"http:\/\/jensgustafsson.se\/?p=3685"},"modified":"2014-07-11T20:09:29","modified_gmt":"2014-07-11T19:09:29","slug":"fredag-11-juli-2014","status":"publish","type":"post","link":"https:\/\/jensgustafsson.se\/?p=3685","title":{"rendered":"Fredag 11 juli 2014."},"content":{"rendered":"<p><span style=\"color: #33cccc;\"><em>Idag blev det annat v\u00e4der \u00e4n den senaste veckan&#8230;betydligt svalare och med en sm\u00e5kylig vind fr\u00e5n nord och nordost. P\u00e5 morronen mulnade det igen helt med dimmoln, men dom sprack upp senare och det har varit v\u00e4xlande molnighet, men ikv\u00e4ll \u00e4r det mera sammanh\u00e4ngande moln i kanterna runt omkring F\u00e5gelfors, vi f\u00e5r se om det kommer n\u00e5got regn ur molnen under natten.<\/em><\/span><\/p>\n<p><span style=\"color: #33cccc;\"><em>V\u00e4derstationens loggar under tiden 20140710 kl.19.30 till 20140711 kl.21.10:<\/em><\/span><\/p>\n<p><span style=\"color: #33cccc;\"><em>Aktuell temp: 17,2 \u00b0C<\/em><\/span><br \/>\n<span style=\"color: #33cccc;\"><em>Mintemp: 14,6 \u00b0C<\/em><\/span><br \/>\n<span style=\"color: #33cccc;\"><em>Maxtemp: 20,8 \u00b0C<\/em><\/span><br \/>\n<span style=\"color: #33cccc;\"><em>Luftfuktigh: 62 %<\/em><\/span><br \/>\n<span style=\"color: #33cccc;\"><em>Min. 49 %<\/em><\/span><br \/>\n<span style=\"color: #33cccc;\"><em>Max. 83 %<\/em><\/span><br \/>\n<span style=\"color: #33cccc;\"><em>Lufttryck: 1018 hPa<\/em><\/span><br \/>\n<span style=\"color: #33cccc;\"><em>Min. 1016,2 hPa<\/em><\/span><br \/>\n<span style=\"color: #33cccc;\"><em>Max. 1019,2 hPa<\/em><\/span><br \/>\n<span style=\"color: #33cccc;\"><em>Vindriktning: Nordlig. <\/em><\/span><br \/>\n<span style=\"color: #33cccc;\"><em>Vindhast. 1 m\/s<\/em><\/span><br \/>\n<span style=\"color: #33cccc;\"><em>Maxvind: 6 m\/s<\/em><\/span><br \/>\n<span style=\"color: #33cccc;\"><em>Nederb\u00f6rd: 0 mm<\/em><\/span><\/p>\n","protected":false},"excerpt":{"rendered":"<p>Idag blev det annat v\u00e4der \u00e4n den senaste veckan&#8230;betydligt svalare och med en sm\u00e5kylig vind fr\u00e5n nord och nordost. P\u00e5 morronen mulnade det igen helt med dimmoln, men dom sprack upp senare och det har varit v\u00e4xlande molnighet, men ikv\u00e4ll &hellip; <a href=\"https:\/\/jensgustafsson.se\/?p=3685\">Forts\u00e4tt l\u00e4sa <span class=\"meta-nav\">&rarr;<\/span><\/a><\/p>\n","protected":false},"author":1,"featured_media":0,"comment_status":"open","ping_status":"open","sticky":false,"template":"","format":"standard","meta":{"footnotes":""},"categories":[10],"tags":[],"class_list":["post-3685","post","type-post","status-publish","format-standard","hentry","category-vaderdagbok-2013"],"_links":{"self":[{"href":"https:\/\/jensgustafsson.se\/index.php?rest_route=\/wp\/v2\/posts\/3685","targetHints":{"allow":["GET"]}}],"collection":[{"href":"https:\/\/jensgustafsson.se\/index.php?rest_route=\/wp\/v2\/posts"}],"about":[{"href":"https:\/\/jensgustafsson.se\/index.php?rest_route=\/wp\/v2\/types\/post"}],"author":[{"embeddable":true,"href":"https:\/\/jensgustafsson.se\/index.php?rest_route=\/wp\/v2\/users\/1"}],"replies":[{"embeddable":true,"href":"https:\/\/jensgustafsson.se\/index.php?rest_route=%2Fwp%2Fv2%2Fcomments&post=3685"}],"version-history":[{"count":1,"href":"https:\/\/jensgustafsson.se\/index.php?rest_route=\/wp\/v2\/posts\/3685\/revisions"}],"predecessor-version":[{"id":3686,"href":"https:\/\/jensgustafsson.se\/index.php?rest_route=\/wp\/v2\/posts\/3685\/revisions\/3686"}],"wp:attachment":[{"href":"https:\/\/jensgustafsson.se\/index.php?rest_route=%2Fwp%2Fv2%2Fmedia&parent=3685"}],"wp:term":[{"taxonomy":"category","embeddable":true,"href":"https:\/\/jensgustafsson.se\/index.php?rest_route=%2Fwp%2Fv2%2Fcategories&post=3685"},{"taxonomy":"post_tag","embeddable":true,"href":"https:\/\/jensgustafsson.se\/index.php?rest_route=%2Fwp%2Fv2%2Ftags&post=3685"}],"curies":[{"name":"wp","href":"https:\/\/api.w.org\/{rel}","templated":true}]}}