{"id":36852,"date":"2025-08-26T16:51:05","date_gmt":"2025-08-26T15:51:05","guid":{"rendered":"https:\/\/jensgustafsson.se\/?p=36852"},"modified":"2025-08-26T16:51:05","modified_gmt":"2025-08-26T15:51:05","slug":"tisdag-26-augusti-2025","status":"publish","type":"post","link":"https:\/\/jensgustafsson.se\/?p=36852","title":{"rendered":"Tisdag 26 augusti 2025."},"content":{"rendered":"\n<p class=\"has-medium-font-size\"><em>Dagen b\u00f6rjade med en klar och kylig morgon. Under f\u00f6rmiddagen kom det tunna molnsl\u00f6jor norr ifr\u00e5n. Molnen t\u00e4tnade mera under eftermiddagen. <\/em><\/p>\n\n\n\n<p class=\"has-medium-font-size\"><em>Frosten var inte l\u00e5ngt borta idag. Den l\u00e4gsta temperaturen blev +3,6 grader. Dagstemperaturen blev behaglig, +20,7 grader i maxtemperatur.<\/em><\/p>\n\n\n\n<p class=\"has-medium-font-size\"><em>Vinden har varit svag, v\u00e4stlig idag.<\/em><\/p>\n\n\n\n<figure class=\"wp-block-image size-large\"><img loading=\"lazy\" decoding=\"async\" width=\"1024\" height=\"683\" src=\"https:\/\/media1.jensgustafsson.se\/2025\/08\/DSC_4720-1024x683.jpg\" alt=\"\" class=\"wp-image-36857\" srcset=\"https:\/\/media1.jensgustafsson.se\/2025\/08\/DSC_4720-1024x683.jpg 1024w, https:\/\/media1.jensgustafsson.se\/2025\/08\/DSC_4720-300x200.jpg 300w, https:\/\/media1.jensgustafsson.se\/2025\/08\/DSC_4720-768x512.jpg 768w, https:\/\/media1.jensgustafsson.se\/2025\/08\/DSC_4720-1536x1024.jpg 1536w, https:\/\/media1.jensgustafsson.se\/2025\/08\/DSC_4720-2048x1365.jpg 2048w, https:\/\/media1.jensgustafsson.se\/2025\/08\/DSC_4720-450x300.jpg 450w\" sizes=\"auto, (max-width: 1024px) 100vw, 1024px\" \/><figcaption class=\"wp-element-caption\"><strong><em>Vid H\u00f6gmosshult p\u00e5 morgonen idag.<\/em><\/strong><\/figcaption><\/figure>\n\n\n\n<p class=\"has-medium-font-size\"><em>En sammanfattning fr\u00e5n min v\u00e4derstation, f\u00f6r de senaste 24 timmarna<\/em>:<\/p>\n\n\n\n<p class=\"has-medium-font-size\"><strong><em>20250826 kl. 17.00<br \/>Min. temp: 3,6 \u00b0C<br \/>Max. temp: 20,7 \u00b0C<br \/>Min. lufttryck: 1007 hPa<br \/>Max. lufttryck: 1009,3 hPa<br \/>Min.luftfuktigh. 38 %<br \/>Max.luftfuktigh. 78 %<br \/>Domin. vindriktn.: V\u00e4stlig<br \/>Maxvind: 5 m\/s.<br \/>Nederb\u00f6rd: 0 mm<br \/>Meteorologisk \u00e5rstid: Sommar<br \/>Kalendarisk \u00e5rstid: Sommarm\u00e5nad 3 av 3<\/em><\/strong><\/p>\n\n\n\n<figure class=\"wp-block-image size-large\"><img loading=\"lazy\" decoding=\"async\" width=\"1024\" height=\"463\" src=\"https:\/\/media1.jensgustafsson.se\/2025\/08\/image-53-1024x463.png\" alt=\"\" class=\"wp-image-36853\" srcset=\"https:\/\/media1.jensgustafsson.se\/2025\/08\/image-53-1024x463.png 1024w, https:\/\/media1.jensgustafsson.se\/2025\/08\/image-53-300x136.png 300w, https:\/\/media1.jensgustafsson.se\/2025\/08\/image-53-768x348.png 768w, https:\/\/media1.jensgustafsson.se\/2025\/08\/image-53-1536x695.png 1536w, https:\/\/media1.jensgustafsson.se\/2025\/08\/image-53-500x226.png 500w, https:\/\/media1.jensgustafsson.se\/2025\/08\/image-53.png 1843w\" sizes=\"auto, (max-width: 1024px) 100vw, 1024px\" \/><figcaption class=\"wp-element-caption\"><strong><em>M\u00e5nadens medeltemperatur \u00e4r t.o.m. idag exakt normal f\u00f6r augusti m\u00e5nad.<\/em><\/strong><\/figcaption><\/figure>\n\n\n\n<figure class=\"wp-block-image size-large\"><img loading=\"lazy\" decoding=\"async\" width=\"1024\" height=\"537\" src=\"https:\/\/media1.jensgustafsson.se\/2025\/08\/image-54-1024x537.png\" alt=\"\" class=\"wp-image-36854\" srcset=\"https:\/\/media1.jensgustafsson.se\/2025\/08\/image-54-1024x537.png 1024w, https:\/\/media1.jensgustafsson.se\/2025\/08\/image-54-300x157.png 300w, https:\/\/media1.jensgustafsson.se\/2025\/08\/image-54-768x403.png 768w, https:\/\/media1.jensgustafsson.se\/2025\/08\/image-54-500x262.png 500w, https:\/\/media1.jensgustafsson.se\/2025\/08\/image-54.png 1485w\" sizes=\"auto, (max-width: 1024px) 100vw, 1024px\" \/><figcaption class=\"wp-element-caption\"><strong><em>M\u00e5nadens nederb\u00f6rd \u00e4r t.o.m. idag 6 % av den normala.<\/em><\/strong><\/figcaption><\/figure>\n","protected":false},"excerpt":{"rendered":"<p>Dagen b\u00f6rjade med en klar och kylig morgon. Under f\u00f6rmiddagen kom det tunna molnsl\u00f6jor norr ifr\u00e5n. Molnen t\u00e4tnade mera under eftermiddagen. Frosten var inte l\u00e5ngt borta idag. Den l\u00e4gsta temperaturen blev +3,6 grader. Dagstemperaturen blev behaglig, +20,7 grader i maxtemperatur. &hellip; <a href=\"https:\/\/jensgustafsson.se\/?p=36852\">Forts\u00e4tt l\u00e4sa <span class=\"meta-nav\">&rarr;<\/span><\/a><\/p>\n","protected":false},"author":1,"featured_media":0,"comment_status":"open","ping_status":"","sticky":false,"template":"","format":"standard","meta":{"footnotes":""},"categories":[10],"tags":[],"class_list":["post-36852","post","type-post","status-publish","format-standard","hentry","category-vaderdagbok-2013"],"_links":{"self":[{"href":"https:\/\/jensgustafsson.se\/index.php?rest_route=\/wp\/v2\/posts\/36852","targetHints":{"allow":["GET"]}}],"collection":[{"href":"https:\/\/jensgustafsson.se\/index.php?rest_route=\/wp\/v2\/posts"}],"about":[{"href":"https:\/\/jensgustafsson.se\/index.php?rest_route=\/wp\/v2\/types\/post"}],"author":[{"embeddable":true,"href":"https:\/\/jensgustafsson.se\/index.php?rest_route=\/wp\/v2\/users\/1"}],"replies":[{"embeddable":true,"href":"https:\/\/jensgustafsson.se\/index.php?rest_route=%2Fwp%2Fv2%2Fcomments&post=36852"}],"version-history":[{"count":3,"href":"https:\/\/jensgustafsson.se\/index.php?rest_route=\/wp\/v2\/posts\/36852\/revisions"}],"predecessor-version":[{"id":36858,"href":"https:\/\/jensgustafsson.se\/index.php?rest_route=\/wp\/v2\/posts\/36852\/revisions\/36858"}],"wp:attachment":[{"href":"https:\/\/jensgustafsson.se\/index.php?rest_route=%2Fwp%2Fv2%2Fmedia&parent=36852"}],"wp:term":[{"taxonomy":"category","embeddable":true,"href":"https:\/\/jensgustafsson.se\/index.php?rest_route=%2Fwp%2Fv2%2Fcategories&post=36852"},{"taxonomy":"post_tag","embeddable":true,"href":"https:\/\/jensgustafsson.se\/index.php?rest_route=%2Fwp%2Fv2%2Ftags&post=36852"}],"curies":[{"name":"wp","href":"https:\/\/api.w.org\/{rel}","templated":true}]}}