{"id":3692,"date":"2014-07-14T18:42:07","date_gmt":"2014-07-14T17:42:07","guid":{"rendered":"http:\/\/jensgustafsson.se\/?p=3692"},"modified":"2014-07-14T18:42:07","modified_gmt":"2014-07-14T17:42:07","slug":"mandag-14-juli-2014","status":"publish","type":"post","link":"https:\/\/jensgustafsson.se\/?p=3692","title":{"rendered":"M\u00e5ndag 14 juli 2014."},"content":{"rendered":"<p><span style=\"color: #33cccc;\"><em>V\u00e4xlande molnighet idag, och ett par regnskurar. F\u00f6r en stund sedan drog molnen ihop sig helt, och det b\u00f6rjade duggregna. Luften har k\u00e4nns kvav p\u00e5 grund av h\u00f6g luftfuktighet.<\/em><\/span><\/p>\n<p><span style=\"color: #33cccc;\"><em>Loggen fr\u00e5n v\u00e4derstationen med nu- min- och maxv\u00e4rden under tiden 20140713 kl.21.05 till 20140714 kl.19.40:<\/em><\/span><\/p>\n<p><span style=\"color: #33cccc;\"><em>Aktuell temp: 16,9 \u00b0C<\/em><\/span><br \/>\n<span style=\"color: #33cccc;\"><em>Mintemp: 14 \u00b0C<\/em><\/span><br \/>\n<span style=\"color: #33cccc;\"><em>Maxtemp: 21,6 \u00b0C<\/em><\/span><br \/>\n<span style=\"color: #33cccc;\"><em>Luftfuktigh: 84 %<\/em><\/span><br \/>\n<span style=\"color: #33cccc;\"><em>Min. 70 %<\/em><\/span><br \/>\n<span style=\"color: #33cccc;\"><em>Max. 92 %<\/em><\/span><br \/>\n<span style=\"color: #33cccc;\"><em>Lufttryck: 1005,8 hPa<\/em><\/span><br \/>\n<span style=\"color: #33cccc;\"><em>Min. 1003,4 hPa<\/em><\/span><br \/>\n<span style=\"color: #33cccc;\"><em>Max. 1006,9 hPa<\/em><\/span><br \/>\n<span style=\"color: #33cccc;\"><em>Vindriktning: Ostlig. <\/em><\/span><br \/>\n<span style=\"color: #33cccc;\"><em>Vindhast. 0 m\/s<\/em><\/span><br \/>\n<span style=\"color: #33cccc;\"><em>Maxvind: 5 m\/s<\/em><\/span><br \/>\n<span style=\"color: #33cccc;\"><em>Nederb\u00f6rd: 1,6 mm<\/em><\/span><\/p>\n","protected":false},"excerpt":{"rendered":"<p>V\u00e4xlande molnighet idag, och ett par regnskurar. F\u00f6r en stund sedan drog molnen ihop sig helt, och det b\u00f6rjade duggregna. Luften har k\u00e4nns kvav p\u00e5 grund av h\u00f6g luftfuktighet. Loggen fr\u00e5n v\u00e4derstationen med nu- min- och maxv\u00e4rden under tiden 20140713 &hellip; <a href=\"https:\/\/jensgustafsson.se\/?p=3692\">Forts\u00e4tt l\u00e4sa <span class=\"meta-nav\">&rarr;<\/span><\/a><\/p>\n","protected":false},"author":1,"featured_media":0,"comment_status":"open","ping_status":"open","sticky":false,"template":"","format":"standard","meta":{"footnotes":""},"categories":[10],"tags":[],"class_list":["post-3692","post","type-post","status-publish","format-standard","hentry","category-vaderdagbok-2013"],"_links":{"self":[{"href":"https:\/\/jensgustafsson.se\/index.php?rest_route=\/wp\/v2\/posts\/3692","targetHints":{"allow":["GET"]}}],"collection":[{"href":"https:\/\/jensgustafsson.se\/index.php?rest_route=\/wp\/v2\/posts"}],"about":[{"href":"https:\/\/jensgustafsson.se\/index.php?rest_route=\/wp\/v2\/types\/post"}],"author":[{"embeddable":true,"href":"https:\/\/jensgustafsson.se\/index.php?rest_route=\/wp\/v2\/users\/1"}],"replies":[{"embeddable":true,"href":"https:\/\/jensgustafsson.se\/index.php?rest_route=%2Fwp%2Fv2%2Fcomments&post=3692"}],"version-history":[{"count":1,"href":"https:\/\/jensgustafsson.se\/index.php?rest_route=\/wp\/v2\/posts\/3692\/revisions"}],"predecessor-version":[{"id":3693,"href":"https:\/\/jensgustafsson.se\/index.php?rest_route=\/wp\/v2\/posts\/3692\/revisions\/3693"}],"wp:attachment":[{"href":"https:\/\/jensgustafsson.se\/index.php?rest_route=%2Fwp%2Fv2%2Fmedia&parent=3692"}],"wp:term":[{"taxonomy":"category","embeddable":true,"href":"https:\/\/jensgustafsson.se\/index.php?rest_route=%2Fwp%2Fv2%2Fcategories&post=3692"},{"taxonomy":"post_tag","embeddable":true,"href":"https:\/\/jensgustafsson.se\/index.php?rest_route=%2Fwp%2Fv2%2Ftags&post=3692"}],"curies":[{"name":"wp","href":"https:\/\/api.w.org\/{rel}","templated":true}]}}