{"id":3698,"date":"2014-07-16T19:53:24","date_gmt":"2014-07-16T18:53:24","guid":{"rendered":"http:\/\/jensgustafsson.se\/?p=3698"},"modified":"2014-07-16T19:53:24","modified_gmt":"2014-07-16T18:53:24","slug":"onsdag-16-juli-2014","status":"publish","type":"post","link":"https:\/\/jensgustafsson.se\/?p=3698","title":{"rendered":"Onsdag 16 juli 2014."},"content":{"rendered":"<p><span style=\"color: #33cccc;\"><em>Idag har det varit mycket sol, med bara lite ljusa moln som passerat framf\u00f6r solen, s\u00e5 det har varit helt riskfritt f\u00f6r regnskurar. Vinden har varit frisk, och aningen sval, om man nu ska klaga p\u00e5 n\u00e5got&#8230;annars en helt okej semesterdag.<\/em><\/span><\/p>\n<p><span style=\"color: #33cccc;\"><em>V\u00e4derstationens loggar under tiden 20140715 kl.20.45 till 20140716 kl. 20.45:<\/em><\/span><\/p>\n<p><span style=\"color: #33cccc;\"><em>Aktuell temp: 20 \u00b0C<\/em><\/span><br \/>\n<span style=\"color: #33cccc;\"><em>Mintemp: 16,2 \u00b0C<\/em><\/span><br \/>\n<span style=\"color: #33cccc;\"><em>Maxtemp: 23,5 \u00b0C<\/em><\/span><br \/>\n<span style=\"color: #33cccc;\"><em>Luftfuktigh: 57 %<\/em><\/span><br \/>\n<span style=\"color: #33cccc;\"><em>Min. 49 %<\/em><\/span><br \/>\n<span style=\"color: #33cccc;\"><em>Max. 81 %<\/em><\/span><br \/>\n<span style=\"color: #33cccc;\"><em>Lufttryck: 1018,3 hPa<\/em><\/span><br \/>\n<span style=\"color: #33cccc;\"><em>Min. 1014,7 hPa<\/em><\/span><br \/>\n<span style=\"color: #33cccc;\"><em>Max. 1018,3 hPa<\/em><\/span><br \/>\n<span style=\"color: #33cccc;\"><em>Vindriktning: V\u00e4stlig. <\/em><\/span><br \/>\n<span style=\"color: #33cccc;\"><em>Vindhast. 1 m\/s<\/em><\/span><br \/>\n<span style=\"color: #33cccc;\"><em>Maxvind: 9 m\/s<\/em><\/span><br \/>\n<span style=\"color: #33cccc;\"><em>Nederb\u00f6rd: 0 mm<\/em><\/span><\/p>\n","protected":false},"excerpt":{"rendered":"<p>Idag har det varit mycket sol, med bara lite ljusa moln som passerat framf\u00f6r solen, s\u00e5 det har varit helt riskfritt f\u00f6r regnskurar. Vinden har varit frisk, och aningen sval, om man nu ska klaga p\u00e5 n\u00e5got&#8230;annars en helt okej &hellip; <a href=\"https:\/\/jensgustafsson.se\/?p=3698\">Forts\u00e4tt l\u00e4sa <span class=\"meta-nav\">&rarr;<\/span><\/a><\/p>\n","protected":false},"author":1,"featured_media":0,"comment_status":"open","ping_status":"open","sticky":false,"template":"","format":"standard","meta":{"footnotes":""},"categories":[10],"tags":[],"class_list":["post-3698","post","type-post","status-publish","format-standard","hentry","category-vaderdagbok-2013"],"_links":{"self":[{"href":"https:\/\/jensgustafsson.se\/index.php?rest_route=\/wp\/v2\/posts\/3698","targetHints":{"allow":["GET"]}}],"collection":[{"href":"https:\/\/jensgustafsson.se\/index.php?rest_route=\/wp\/v2\/posts"}],"about":[{"href":"https:\/\/jensgustafsson.se\/index.php?rest_route=\/wp\/v2\/types\/post"}],"author":[{"embeddable":true,"href":"https:\/\/jensgustafsson.se\/index.php?rest_route=\/wp\/v2\/users\/1"}],"replies":[{"embeddable":true,"href":"https:\/\/jensgustafsson.se\/index.php?rest_route=%2Fwp%2Fv2%2Fcomments&post=3698"}],"version-history":[{"count":1,"href":"https:\/\/jensgustafsson.se\/index.php?rest_route=\/wp\/v2\/posts\/3698\/revisions"}],"predecessor-version":[{"id":3699,"href":"https:\/\/jensgustafsson.se\/index.php?rest_route=\/wp\/v2\/posts\/3698\/revisions\/3699"}],"wp:attachment":[{"href":"https:\/\/jensgustafsson.se\/index.php?rest_route=%2Fwp%2Fv2%2Fmedia&parent=3698"}],"wp:term":[{"taxonomy":"category","embeddable":true,"href":"https:\/\/jensgustafsson.se\/index.php?rest_route=%2Fwp%2Fv2%2Fcategories&post=3698"},{"taxonomy":"post_tag","embeddable":true,"href":"https:\/\/jensgustafsson.se\/index.php?rest_route=%2Fwp%2Fv2%2Ftags&post=3698"}],"curies":[{"name":"wp","href":"https:\/\/api.w.org\/{rel}","templated":true}]}}