{"id":3703,"date":"2014-07-18T18:58:50","date_gmt":"2014-07-18T17:58:50","guid":{"rendered":"http:\/\/jensgustafsson.se\/?p=3703"},"modified":"2014-07-18T18:58:50","modified_gmt":"2014-07-18T17:58:50","slug":"fredag-18-juli-2014","status":"publish","type":"post","link":"https:\/\/jensgustafsson.se\/?p=3703","title":{"rendered":"Fredag 18 juli 2014."},"content":{"rendered":"<p><span style=\"color: #33cccc;\"><em>\u00c4nnu en varm och fin h\u00f6gsommardag, en aning mera moln tidvis idag j\u00e4mf\u00f6rt med ig\u00e5r, men temperaturen n\u00e5dde n\u00e4stan 28 grader. Vi f\u00e5r tacka och ta emot f\u00f6r varje s\u00e5dan h\u00e4r semesterdag \ud83d\ude42<\/em><\/span><\/p>\n<p><span style=\"color: #33cccc;\"><em>V\u00e4derstationens loggning under tiden 20140717 kl.21.10 till 20140718 kl.20.00:<\/em><\/span><\/p>\n<p><span style=\"color: #33cccc;\"><em>Aktuell temp: 25,9 \u00b0C<\/em><\/span><br \/>\n<span style=\"color: #33cccc;\"><em>Mintemp: 12,1 \u00b0C<\/em><\/span><br \/>\n<span style=\"color: #33cccc;\"><em>Maxtemp: 27,8 \u00b0C<\/em><\/span><br \/>\n<span style=\"color: #33cccc;\"><em>Luftfuktigh: 47 %<\/em><\/span><br \/>\n<span style=\"color: #33cccc;\"><em>Min. 46 %<\/em><\/span><br \/>\n<span style=\"color: #33cccc;\"><em>Max. 81 %<\/em><\/span><br \/>\n<span style=\"color: #33cccc;\"><em>Lufttryck: 1017,7 hPa<\/em><\/span><br \/>\n<span style=\"color: #33cccc;\"><em>Min. 1017,6 hPa<\/em><\/span><br \/>\n<span style=\"color: #33cccc;\"><em>Max. 1020,8 hPa<\/em><\/span><br \/>\n<span style=\"color: #33cccc;\"><em>Vindriktning: V\u00e4stlig <\/em><\/span><br \/>\n<span style=\"color: #33cccc;\"><em>Vindhast. 1,5 m\/s<\/em><\/span><br \/>\n<span style=\"color: #33cccc;\"><em>Maxvind: 6 m\/s<\/em><\/span><br \/>\n<span style=\"color: #33cccc;\"><em>Nederb\u00f6rd: 0 mm<\/em><\/span><\/p>\n","protected":false},"excerpt":{"rendered":"<p>\u00c4nnu en varm och fin h\u00f6gsommardag, en aning mera moln tidvis idag j\u00e4mf\u00f6rt med ig\u00e5r, men temperaturen n\u00e5dde n\u00e4stan 28 grader. Vi f\u00e5r tacka och ta emot f\u00f6r varje s\u00e5dan h\u00e4r semesterdag \ud83d\ude42 V\u00e4derstationens loggning under tiden 20140717 kl.21.10 till &hellip; <a href=\"https:\/\/jensgustafsson.se\/?p=3703\">Forts\u00e4tt l\u00e4sa <span class=\"meta-nav\">&rarr;<\/span><\/a><\/p>\n","protected":false},"author":1,"featured_media":0,"comment_status":"open","ping_status":"open","sticky":false,"template":"","format":"standard","meta":{"footnotes":""},"categories":[10],"tags":[],"class_list":["post-3703","post","type-post","status-publish","format-standard","hentry","category-vaderdagbok-2013"],"_links":{"self":[{"href":"https:\/\/jensgustafsson.se\/index.php?rest_route=\/wp\/v2\/posts\/3703","targetHints":{"allow":["GET"]}}],"collection":[{"href":"https:\/\/jensgustafsson.se\/index.php?rest_route=\/wp\/v2\/posts"}],"about":[{"href":"https:\/\/jensgustafsson.se\/index.php?rest_route=\/wp\/v2\/types\/post"}],"author":[{"embeddable":true,"href":"https:\/\/jensgustafsson.se\/index.php?rest_route=\/wp\/v2\/users\/1"}],"replies":[{"embeddable":true,"href":"https:\/\/jensgustafsson.se\/index.php?rest_route=%2Fwp%2Fv2%2Fcomments&post=3703"}],"version-history":[{"count":1,"href":"https:\/\/jensgustafsson.se\/index.php?rest_route=\/wp\/v2\/posts\/3703\/revisions"}],"predecessor-version":[{"id":3704,"href":"https:\/\/jensgustafsson.se\/index.php?rest_route=\/wp\/v2\/posts\/3703\/revisions\/3704"}],"wp:attachment":[{"href":"https:\/\/jensgustafsson.se\/index.php?rest_route=%2Fwp%2Fv2%2Fmedia&parent=3703"}],"wp:term":[{"taxonomy":"category","embeddable":true,"href":"https:\/\/jensgustafsson.se\/index.php?rest_route=%2Fwp%2Fv2%2Fcategories&post=3703"},{"taxonomy":"post_tag","embeddable":true,"href":"https:\/\/jensgustafsson.se\/index.php?rest_route=%2Fwp%2Fv2%2Ftags&post=3703"}],"curies":[{"name":"wp","href":"https:\/\/api.w.org\/{rel}","templated":true}]}}