{"id":37037,"date":"2025-09-11T18:03:31","date_gmt":"2025-09-11T17:03:31","guid":{"rendered":"https:\/\/jensgustafsson.se\/?p=37037"},"modified":"2025-09-11T18:03:31","modified_gmt":"2025-09-11T17:03:31","slug":"torsdag-11-september-2025","status":"publish","type":"post","link":"https:\/\/jensgustafsson.se\/?p=37037","title":{"rendered":"Torsdag 11 september 2025."},"content":{"rendered":"\n<p class=\"has-medium-font-size\"><em>Idag fick vi en dag med regn som f\u00f6rslog lite. 26 millimeter har jag f\u00e5tt i regnm\u00e4taren. Under senare delen av eftermiddagen slutade regnet, och molnt\u00e4cket sprack upp.<\/em><\/p>\n\n\n\n<p class=\"has-medium-font-size\"><em>Inte stor skillnad mellan natt- och dagstemperaturen detta dygn. Den l\u00e4gsta temperaturen blev +16,4 grader, och den h\u00f6gsta dagstemperaturen blev +19,4 grader. Ett varmt dygn trots att det varit mulet och regnat.<\/em><\/p>\n\n\n\n<p class=\"has-medium-font-size\"><em>Vinden har varit svag till m\u00e5ttlig. F\u00f6rst var den nordostlig, men har vridit till sydv\u00e4stlig under eftermiddagen.<\/em><\/p>\n\n\n\n<figure class=\"wp-block-image size-large\"><img loading=\"lazy\" decoding=\"async\" width=\"1024\" height=\"768\" src=\"https:\/\/media1.jensgustafsson.se\/2025\/09\/11-sept-2025-1-1024x768.jpg\" alt=\"\" class=\"wp-image-37042\" srcset=\"https:\/\/media1.jensgustafsson.se\/2025\/09\/11-sept-2025-1-1024x768.jpg 1024w, https:\/\/media1.jensgustafsson.se\/2025\/09\/11-sept-2025-1-300x225.jpg 300w, https:\/\/media1.jensgustafsson.se\/2025\/09\/11-sept-2025-1-768x576.jpg 768w, https:\/\/media1.jensgustafsson.se\/2025\/09\/11-sept-2025-1-1536x1152.jpg 1536w, https:\/\/media1.jensgustafsson.se\/2025\/09\/11-sept-2025-1-400x300.jpg 400w, https:\/\/media1.jensgustafsson.se\/2025\/09\/11-sept-2025-1.jpg 1920w\" sizes=\"auto, (max-width: 1024px) 100vw, 1024px\" \/><figcaption class=\"wp-element-caption\"><strong><em>Vid \u00d6vrasj\u00f6n i kv\u00e4ll. Molnt\u00e4cket sprack upp efter att regnet slutat.<\/em><\/strong><\/figcaption><\/figure>\n\n\n\n<p class=\"has-medium-font-size\"><em>En sammanfattning fr\u00e5n min v\u00e4derstation, f\u00f6r de senaste 24 timmarna<\/em>:<\/p>\n\n\n\n<p class=\"has-medium-font-size\"><strong><em>20250911 kl. 18.00<br \/>Min. temp: 16,4 \u00b0C<br \/>Max. temp: 19,4 \u00b0C<br \/>Min. lufttryck: 996,7 hPa<br \/>Max. lufttryck: 1011,8 hPa<br \/>Min.luftfuktigh. 69 %<br \/>Max.luftfuktigh. 89 %<br \/>Domin. vindriktn.: Nordostlig<br \/>Maxvind: 6 m\/s.<br \/>Nederb\u00f6rd: 26 mm<\/em><\/strong><\/p>\n\n\n\n<figure class=\"wp-block-image size-large\"><img loading=\"lazy\" decoding=\"async\" width=\"1024\" height=\"463\" src=\"https:\/\/media1.jensgustafsson.se\/2025\/09\/image-31-1024x463.png\" alt=\"\" class=\"wp-image-37039\" srcset=\"https:\/\/media1.jensgustafsson.se\/2025\/09\/image-31-1024x463.png 1024w, https:\/\/media1.jensgustafsson.se\/2025\/09\/image-31-300x136.png 300w, https:\/\/media1.jensgustafsson.se\/2025\/09\/image-31-768x348.png 768w, https:\/\/media1.jensgustafsson.se\/2025\/09\/image-31-1536x695.png 1536w, https:\/\/media1.jensgustafsson.se\/2025\/09\/image-31-500x226.png 500w, https:\/\/media1.jensgustafsson.se\/2025\/09\/image-31.png 1843w\" sizes=\"auto, (max-width: 1024px) 100vw, 1024px\" \/><figcaption class=\"wp-element-caption\"><strong><em>M\u00e5nadens medeltemperatur \u00e4r t.o.m. idag 5,7&nbsp; grader varmare j\u00e4mf\u00f6rt mot den normala.<\/em><\/strong><\/figcaption><\/figure>\n\n\n\n<figure class=\"wp-block-image size-large\"><img loading=\"lazy\" decoding=\"async\" width=\"1024\" height=\"537\" src=\"https:\/\/media1.jensgustafsson.se\/2025\/09\/image-32-1024x537.png\" alt=\"\" class=\"wp-image-37040\" srcset=\"https:\/\/media1.jensgustafsson.se\/2025\/09\/image-32-1024x537.png 1024w, https:\/\/media1.jensgustafsson.se\/2025\/09\/image-32-300x157.png 300w, https:\/\/media1.jensgustafsson.se\/2025\/09\/image-32-768x403.png 768w, https:\/\/media1.jensgustafsson.se\/2025\/09\/image-32-500x262.png 500w, https:\/\/media1.jensgustafsson.se\/2025\/09\/image-32.png 1485w\" sizes=\"auto, (max-width: 1024px) 100vw, 1024px\" \/><figcaption class=\"wp-element-caption\"><strong><em>M\u00e5nadens nederb\u00f6rd \u00e4r t.o.m. idag 81% av den normala.<\/em><\/strong><\/figcaption><\/figure>\n","protected":false},"excerpt":{"rendered":"<p>Idag fick vi en dag med regn som f\u00f6rslog lite. 26 millimeter har jag f\u00e5tt i regnm\u00e4taren. Under senare delen av eftermiddagen slutade regnet, och molnt\u00e4cket sprack upp. Inte stor skillnad mellan natt- och dagstemperaturen detta dygn. Den l\u00e4gsta temperaturen &hellip; <a href=\"https:\/\/jensgustafsson.se\/?p=37037\">Forts\u00e4tt l\u00e4sa <span class=\"meta-nav\">&rarr;<\/span><\/a><\/p>\n","protected":false},"author":1,"featured_media":0,"comment_status":"open","ping_status":"","sticky":false,"template":"","format":"standard","meta":{"footnotes":""},"categories":[10],"tags":[],"class_list":["post-37037","post","type-post","status-publish","format-standard","hentry","category-vaderdagbok-2013"],"_links":{"self":[{"href":"https:\/\/jensgustafsson.se\/index.php?rest_route=\/wp\/v2\/posts\/37037","targetHints":{"allow":["GET"]}}],"collection":[{"href":"https:\/\/jensgustafsson.se\/index.php?rest_route=\/wp\/v2\/posts"}],"about":[{"href":"https:\/\/jensgustafsson.se\/index.php?rest_route=\/wp\/v2\/types\/post"}],"author":[{"embeddable":true,"href":"https:\/\/jensgustafsson.se\/index.php?rest_route=\/wp\/v2\/users\/1"}],"replies":[{"embeddable":true,"href":"https:\/\/jensgustafsson.se\/index.php?rest_route=%2Fwp%2Fv2%2Fcomments&post=37037"}],"version-history":[{"count":4,"href":"https:\/\/jensgustafsson.se\/index.php?rest_route=\/wp\/v2\/posts\/37037\/revisions"}],"predecessor-version":[{"id":37044,"href":"https:\/\/jensgustafsson.se\/index.php?rest_route=\/wp\/v2\/posts\/37037\/revisions\/37044"}],"wp:attachment":[{"href":"https:\/\/jensgustafsson.se\/index.php?rest_route=%2Fwp%2Fv2%2Fmedia&parent=37037"}],"wp:term":[{"taxonomy":"category","embeddable":true,"href":"https:\/\/jensgustafsson.se\/index.php?rest_route=%2Fwp%2Fv2%2Fcategories&post=37037"},{"taxonomy":"post_tag","embeddable":true,"href":"https:\/\/jensgustafsson.se\/index.php?rest_route=%2Fwp%2Fv2%2Ftags&post=37037"}],"curies":[{"name":"wp","href":"https:\/\/api.w.org\/{rel}","templated":true}]}}