{"id":37045,"date":"2025-09-12T16:25:04","date_gmt":"2025-09-12T15:25:04","guid":{"rendered":"https:\/\/jensgustafsson.se\/?p=37045"},"modified":"2025-09-12T16:25:04","modified_gmt":"2025-09-12T15:25:04","slug":"fredag-12-september-2025","status":"publish","type":"post","link":"https:\/\/jensgustafsson.se\/?p=37045","title":{"rendered":"Fredag 12 september 2025."},"content":{"rendered":"\n<p class=\"has-medium-font-size\"><em>Under natten till idag kom det lite mera regn. P\u00e5 morgonen hade det klarnat upp, och f\u00f6rmiddagen blev solig, med en molnfri himmel. Vid lunchtid b\u00f6rjade stackmoln dra upp, och de m\u00f6rknade allt mera. Resultatet blev en kraftig regnskur. D\u00e4refter har det varit v\u00e4xlande molnighet, men uppeh\u00e5ll.<\/em><\/p>\n\n\n\n<p class=\"has-medium-font-size\"><em>Den l\u00e4gsta temperaturen i natt blev +12,2 grader, och den h\u00f6gsta dagstemperaturen blev +<\/em>19,4 grader.<\/p>\n\n\n\n<p class=\"has-medium-font-size\"><em>Vinden har varit svag och vindriktningen har varit mellan sydost och syd.<\/em><\/p>\n\n\n\n<figure class=\"wp-block-image size-large\"><img loading=\"lazy\" decoding=\"async\" width=\"1024\" height=\"768\" src=\"https:\/\/media1.jensgustafsson.se\/2025\/09\/12-sept-2025-4-1024x768.jpg\" alt=\"\" class=\"wp-image-37046\" srcset=\"https:\/\/media1.jensgustafsson.se\/2025\/09\/12-sept-2025-4-1024x768.jpg 1024w, https:\/\/media1.jensgustafsson.se\/2025\/09\/12-sept-2025-4-300x225.jpg 300w, https:\/\/media1.jensgustafsson.se\/2025\/09\/12-sept-2025-4-768x576.jpg 768w, https:\/\/media1.jensgustafsson.se\/2025\/09\/12-sept-2025-4-1536x1152.jpg 1536w, https:\/\/media1.jensgustafsson.se\/2025\/09\/12-sept-2025-4-400x300.jpg 400w, https:\/\/media1.jensgustafsson.se\/2025\/09\/12-sept-2025-4.jpg 1920w\" sizes=\"auto, (max-width: 1024px) 100vw, 1024px\" \/><figcaption class=\"wp-element-caption\"><strong><em>Klarbl\u00e5 himmel p\u00e5 f\u00f6rmiddagen idag vid Bruksdammen i F\u00e5gelfors.<\/em><\/strong><\/figcaption><\/figure>\n\n\n\n<p class=\"has-medium-font-size\"><em>En sammanfattning fr\u00e5n min v\u00e4derstation, f\u00f6r de senaste 24 timmarna<\/em>:<\/p>\n\n\n\n<p class=\"has-medium-font-size\"><strong><em>20250912 kl. 17.30<br \/>Min. temp: 12,2 \u00b0C<br \/>Max. temp: 19,7 \u00b0C<br \/>Min. lufttryck: 997,7 hPa<br \/>Max. lufttryck: 1009,7 hPa<br \/>Min.luftfuktigh. 59 %<br \/>Max.luftfuktigh. 89 %<br \/>Domin. vindriktn.: Sydostlig<br \/>Maxvind: 6 m\/s.<br \/>Nederb\u00f6rd: 8 mm<br \/>Meteorologisk \u00e5rstid: Sommar<br \/>Kalendarisk \u00e5rstid: H\u00f6stm\u00e5nad 1 av 3<\/em><\/strong><\/p>\n\n\n\n<figure class=\"wp-block-image size-large\"><img loading=\"lazy\" decoding=\"async\" width=\"1024\" height=\"463\" src=\"https:\/\/media1.jensgustafsson.se\/2025\/09\/image-33-1024x463.png\" alt=\"\" class=\"wp-image-37049\" srcset=\"https:\/\/media1.jensgustafsson.se\/2025\/09\/image-33-1024x463.png 1024w, https:\/\/media1.jensgustafsson.se\/2025\/09\/image-33-300x136.png 300w, https:\/\/media1.jensgustafsson.se\/2025\/09\/image-33-768x348.png 768w, https:\/\/media1.jensgustafsson.se\/2025\/09\/image-33-1536x695.png 1536w, https:\/\/media1.jensgustafsson.se\/2025\/09\/image-33-500x226.png 500w, https:\/\/media1.jensgustafsson.se\/2025\/09\/image-33.png 1843w\" sizes=\"auto, (max-width: 1024px) 100vw, 1024px\" \/><figcaption class=\"wp-element-caption\"><strong><em>M\u00e5nadens medeltemperatur \u00e4r t.o.m. idag 5,5\u00a0 grader varmare j\u00e4mf\u00f6rt mot den normala.<\/em><\/strong><\/figcaption><\/figure>\n\n\n\n<figure class=\"wp-block-image size-large\"><img loading=\"lazy\" decoding=\"async\" width=\"1024\" height=\"537\" src=\"https:\/\/media1.jensgustafsson.se\/2025\/09\/image-34-1024x537.png\" alt=\"\" class=\"wp-image-37050\" srcset=\"https:\/\/media1.jensgustafsson.se\/2025\/09\/image-34-1024x537.png 1024w, https:\/\/media1.jensgustafsson.se\/2025\/09\/image-34-300x157.png 300w, https:\/\/media1.jensgustafsson.se\/2025\/09\/image-34-768x403.png 768w, https:\/\/media1.jensgustafsson.se\/2025\/09\/image-34-500x262.png 500w, https:\/\/media1.jensgustafsson.se\/2025\/09\/image-34.png 1485w\" sizes=\"auto, (max-width: 1024px) 100vw, 1024px\" \/><figcaption class=\"wp-element-caption\"><strong><em>M\u00e5nadens nederb\u00f6rd \u00e4r t.o.m. idag 98% av den normala.<\/em><\/strong><\/figcaption><\/figure>\n","protected":false},"excerpt":{"rendered":"<p>Under natten till idag kom det lite mera regn. P\u00e5 morgonen hade det klarnat upp, och f\u00f6rmiddagen blev solig, med en molnfri himmel. Vid lunchtid b\u00f6rjade stackmoln dra upp, och de m\u00f6rknade allt mera. Resultatet blev en kraftig regnskur. D\u00e4refter &hellip; <a href=\"https:\/\/jensgustafsson.se\/?p=37045\">Forts\u00e4tt l\u00e4sa <span class=\"meta-nav\">&rarr;<\/span><\/a><\/p>\n","protected":false},"author":1,"featured_media":0,"comment_status":"open","ping_status":"","sticky":false,"template":"","format":"standard","meta":{"footnotes":""},"categories":[10],"tags":[],"class_list":["post-37045","post","type-post","status-publish","format-standard","hentry","category-vaderdagbok-2013"],"_links":{"self":[{"href":"https:\/\/jensgustafsson.se\/index.php?rest_route=\/wp\/v2\/posts\/37045","targetHints":{"allow":["GET"]}}],"collection":[{"href":"https:\/\/jensgustafsson.se\/index.php?rest_route=\/wp\/v2\/posts"}],"about":[{"href":"https:\/\/jensgustafsson.se\/index.php?rest_route=\/wp\/v2\/types\/post"}],"author":[{"embeddable":true,"href":"https:\/\/jensgustafsson.se\/index.php?rest_route=\/wp\/v2\/users\/1"}],"replies":[{"embeddable":true,"href":"https:\/\/jensgustafsson.se\/index.php?rest_route=%2Fwp%2Fv2%2Fcomments&post=37045"}],"version-history":[{"count":3,"href":"https:\/\/jensgustafsson.se\/index.php?rest_route=\/wp\/v2\/posts\/37045\/revisions"}],"predecessor-version":[{"id":37051,"href":"https:\/\/jensgustafsson.se\/index.php?rest_route=\/wp\/v2\/posts\/37045\/revisions\/37051"}],"wp:attachment":[{"href":"https:\/\/jensgustafsson.se\/index.php?rest_route=%2Fwp%2Fv2%2Fmedia&parent=37045"}],"wp:term":[{"taxonomy":"category","embeddable":true,"href":"https:\/\/jensgustafsson.se\/index.php?rest_route=%2Fwp%2Fv2%2Fcategories&post=37045"},{"taxonomy":"post_tag","embeddable":true,"href":"https:\/\/jensgustafsson.se\/index.php?rest_route=%2Fwp%2Fv2%2Ftags&post=37045"}],"curies":[{"name":"wp","href":"https:\/\/api.w.org\/{rel}","templated":true}]}}