{"id":37052,"date":"2025-09-13T16:19:37","date_gmt":"2025-09-13T15:19:37","guid":{"rendered":"https:\/\/jensgustafsson.se\/?p=37052"},"modified":"2025-09-13T16:19:37","modified_gmt":"2025-09-13T15:19:37","slug":"lordag-13-september-2025","status":"publish","type":"post","link":"https:\/\/jensgustafsson.se\/?p=37052","title":{"rendered":"L\u00f6rdag 13 september 2025."},"content":{"rendered":"\n<p class=\"has-medium-font-size\"><em>En klar och kylig morgon, bara lite dimsl\u00f6jor som solen kunde skingra n\u00e4r den kom upp. Stackmoln b\u00f6rjade komma ganska tidigt idag p\u00e5 f\u00f6rmiddagen, och det kom n\u00e5gra om\u00e4tbara regndroppar efter lunch. \u00c5ska h\u00f6rdes p\u00e5 avst\u00e5nd ocks\u00e5. Molnigheten har varierat under eftermiddagen.<\/em><\/p>\n\n\n\n<p class=\"has-medium-font-size\"><em>Som sagt, kylig natt med +4,9 grader som l\u00e4gst, och maxtemperaturen idag blev +18,9 grader.<\/em><\/p>\n\n\n\n<p class=\"has-medium-font-size\"><em>Vinden har varit svag, och pendlat mellan syd och sydost.<\/em><\/p>\n\n\n\n<figure class=\"wp-block-image size-large\"><img loading=\"lazy\" decoding=\"async\" width=\"1024\" height=\"683\" src=\"https:\/\/media1.jensgustafsson.se\/2025\/09\/DSC_5278-1024x683.jpg\" alt=\"\" class=\"wp-image-37057\" srcset=\"https:\/\/media1.jensgustafsson.se\/2025\/09\/DSC_5278-1024x683.jpg 1024w, https:\/\/media1.jensgustafsson.se\/2025\/09\/DSC_5278-300x200.jpg 300w, https:\/\/media1.jensgustafsson.se\/2025\/09\/DSC_5278-768x512.jpg 768w, https:\/\/media1.jensgustafsson.se\/2025\/09\/DSC_5278-1536x1024.jpg 1536w, https:\/\/media1.jensgustafsson.se\/2025\/09\/DSC_5278-2048x1365.jpg 2048w, https:\/\/media1.jensgustafsson.se\/2025\/09\/DSC_5278-450x300.jpg 450w\" sizes=\"auto, (max-width: 1024px) 100vw, 1024px\" \/><figcaption class=\"wp-element-caption\"><strong><em>P\u00e5 morgonen idag.<\/em><\/strong><\/figcaption><\/figure>\n\n\n\n<p class=\"has-medium-font-size\"><em>En sammanfattning fr\u00e5n min v\u00e4derstation, f\u00f6r de senaste 24 timmarna<\/em>:<\/p>\n\n\n\n<p class=\"has-medium-font-size\"><strong><em>20250913 kl. 17.00<br \/>Min. temp: 4,9 \u00b0C<br \/>Max. temp: 18,9 \u00b0C<br \/>Min. lufttryck: 1009,4 hPa<br \/>Max. lufttryck: 1016,6 hPa<br \/>Min.luftfuktigh. 59 %<br \/>Max.luftfuktigh. 88 %<br \/>Domin. vindriktn.: Sydlig<br \/>Maxvind: 6 m\/s.<br \/>Nederb\u00f6rd: Ej m\u00e4tbart<\/em><\/strong><\/p>\n\n\n\n<figure class=\"wp-block-image size-large\"><img loading=\"lazy\" decoding=\"async\" width=\"1024\" height=\"463\" src=\"https:\/\/media1.jensgustafsson.se\/2025\/09\/image-35-1024x463.png\" alt=\"\" class=\"wp-image-37053\" srcset=\"https:\/\/media1.jensgustafsson.se\/2025\/09\/image-35-1024x463.png 1024w, https:\/\/media1.jensgustafsson.se\/2025\/09\/image-35-300x136.png 300w, https:\/\/media1.jensgustafsson.se\/2025\/09\/image-35-768x348.png 768w, https:\/\/media1.jensgustafsson.se\/2025\/09\/image-35-1536x695.png 1536w, https:\/\/media1.jensgustafsson.se\/2025\/09\/image-35-500x226.png 500w, https:\/\/media1.jensgustafsson.se\/2025\/09\/image-35.png 1843w\" sizes=\"auto, (max-width: 1024px) 100vw, 1024px\" \/><figcaption class=\"wp-element-caption\"><strong><em>M\u00e5nadens medeltemperatur \u00e4r t.o.m. idag 5 grader varmare j\u00e4mf\u00f6rt mot den normala.<\/em><\/strong><\/figcaption><\/figure>\n\n\n\n<figure class=\"wp-block-image size-large\"><img loading=\"lazy\" decoding=\"async\" width=\"1024\" height=\"537\" src=\"https:\/\/media1.jensgustafsson.se\/2025\/09\/image-36-1024x537.png\" alt=\"\" class=\"wp-image-37054\" srcset=\"https:\/\/media1.jensgustafsson.se\/2025\/09\/image-36-1024x537.png 1024w, https:\/\/media1.jensgustafsson.se\/2025\/09\/image-36-300x157.png 300w, https:\/\/media1.jensgustafsson.se\/2025\/09\/image-36-768x403.png 768w, https:\/\/media1.jensgustafsson.se\/2025\/09\/image-36-500x262.png 500w, https:\/\/media1.jensgustafsson.se\/2025\/09\/image-36.png 1485w\" sizes=\"auto, (max-width: 1024px) 100vw, 1024px\" \/><figcaption class=\"wp-element-caption\"><strong><em>M\u00e5nadens nederb\u00f6rd \u00e4r t.o.m. idag 98% av den normala.<\/em><\/strong><\/figcaption><\/figure>\n\n\n\n<p><\/p>\n","protected":false},"excerpt":{"rendered":"<p>En klar och kylig morgon, bara lite dimsl\u00f6jor som solen kunde skingra n\u00e4r den kom upp. Stackmoln b\u00f6rjade komma ganska tidigt idag p\u00e5 f\u00f6rmiddagen, och det kom n\u00e5gra om\u00e4tbara regndroppar efter lunch. \u00c5ska h\u00f6rdes p\u00e5 avst\u00e5nd ocks\u00e5. Molnigheten har varierat &hellip; <a href=\"https:\/\/jensgustafsson.se\/?p=37052\">Forts\u00e4tt l\u00e4sa <span class=\"meta-nav\">&rarr;<\/span><\/a><\/p>\n","protected":false},"author":1,"featured_media":0,"comment_status":"open","ping_status":"","sticky":false,"template":"","format":"standard","meta":{"footnotes":""},"categories":[10],"tags":[],"class_list":["post-37052","post","type-post","status-publish","format-standard","hentry","category-vaderdagbok-2013"],"_links":{"self":[{"href":"https:\/\/jensgustafsson.se\/index.php?rest_route=\/wp\/v2\/posts\/37052","targetHints":{"allow":["GET"]}}],"collection":[{"href":"https:\/\/jensgustafsson.se\/index.php?rest_route=\/wp\/v2\/posts"}],"about":[{"href":"https:\/\/jensgustafsson.se\/index.php?rest_route=\/wp\/v2\/types\/post"}],"author":[{"embeddable":true,"href":"https:\/\/jensgustafsson.se\/index.php?rest_route=\/wp\/v2\/users\/1"}],"replies":[{"embeddable":true,"href":"https:\/\/jensgustafsson.se\/index.php?rest_route=%2Fwp%2Fv2%2Fcomments&post=37052"}],"version-history":[{"count":3,"href":"https:\/\/jensgustafsson.se\/index.php?rest_route=\/wp\/v2\/posts\/37052\/revisions"}],"predecessor-version":[{"id":37058,"href":"https:\/\/jensgustafsson.se\/index.php?rest_route=\/wp\/v2\/posts\/37052\/revisions\/37058"}],"wp:attachment":[{"href":"https:\/\/jensgustafsson.se\/index.php?rest_route=%2Fwp%2Fv2%2Fmedia&parent=37052"}],"wp:term":[{"taxonomy":"category","embeddable":true,"href":"https:\/\/jensgustafsson.se\/index.php?rest_route=%2Fwp%2Fv2%2Fcategories&post=37052"},{"taxonomy":"post_tag","embeddable":true,"href":"https:\/\/jensgustafsson.se\/index.php?rest_route=%2Fwp%2Fv2%2Ftags&post=37052"}],"curies":[{"name":"wp","href":"https:\/\/api.w.org\/{rel}","templated":true}]}}