{"id":37059,"date":"2025-09-14T18:00:02","date_gmt":"2025-09-14T17:00:02","guid":{"rendered":"https:\/\/jensgustafsson.se\/?p=37059"},"modified":"2025-09-14T18:00:36","modified_gmt":"2025-09-14T17:00:36","slug":"sondag-14-september-2025","status":"publish","type":"post","link":"https:\/\/jensgustafsson.se\/?p=37059","title":{"rendered":"S\u00f6ndag 14 september 2025."},"content":{"rendered":"\n<p class=\"has-medium-font-size\"><em>Under natten till idag, s\u00e5 \u00e5skade det och regnade. \u00c5skan var inte \u00f6ver oss, men det \u00e4r nog det n\u00e4rmaste vi har haft n\u00e5gon \u00e5ska i \u00e5r. P\u00e5 morgonen var det dimma. Dimman l\u00e4ttade p\u00e5 f\u00f6rmiddagen, och resten av dagen har molnigheten varierat. Mot kv\u00e4llen har molnigheten t\u00e4tnat fr\u00e5n v\u00e4ster.<\/em><\/p>\n\n\n\n<p class=\"has-medium-font-size\"><em>Den l\u00e4gsta temperaturen blev +9,8 grader, och den h\u00f6gsta dagstemperaturen blev +20,3 grader. En behaglig h\u00f6stdag blev det tycker jag.<\/em><\/p>\n\n\n\n<p class=\"has-medium-font-size\"><em>Vinden har varit svag, sydostlig. De h\u00f6gsta vindbyarna hade vi i natt n\u00e4r det \u00e5skade och regnade.<\/em><\/p>\n\n\n\n<figure class=\"wp-block-image size-large\"><img loading=\"lazy\" decoding=\"async\" width=\"1024\" height=\"768\" src=\"https:\/\/media1.jensgustafsson.se\/2025\/09\/14-sept-2025-1024x768.jpg\" alt=\"\" class=\"wp-image-37063\" srcset=\"https:\/\/media1.jensgustafsson.se\/2025\/09\/14-sept-2025-1024x768.jpg 1024w, https:\/\/media1.jensgustafsson.se\/2025\/09\/14-sept-2025-300x225.jpg 300w, https:\/\/media1.jensgustafsson.se\/2025\/09\/14-sept-2025-768x576.jpg 768w, https:\/\/media1.jensgustafsson.se\/2025\/09\/14-sept-2025-1536x1152.jpg 1536w, https:\/\/media1.jensgustafsson.se\/2025\/09\/14-sept-2025-400x300.jpg 400w, https:\/\/media1.jensgustafsson.se\/2025\/09\/14-sept-2025.jpg 1920w\" sizes=\"auto, (max-width: 1024px) 100vw, 1024px\" \/><figcaption class=\"wp-element-caption\"><strong><em>I eftermiddag p\u00e5 Kyrkogatan.<\/em><\/strong><\/figcaption><\/figure>\n\n\n\n<p class=\"has-medium-font-size\"><em>En sammanfattning fr\u00e5n min v\u00e4derstation, f\u00f6r de senaste 24 timmarna<\/em>:<\/p>\n\n\n\n<p class=\"has-medium-font-size\"><strong><em>20250914 kl. 18.30<br \/>Min. temp: 9,8 \u00b0C<br \/>Max. temp: 20,3 \u00b0C<br \/>Min. lufttryck: 1007,2 hPa<br \/>Max. lufttryck: 1014,9 hPa<br \/>Min.luftfuktigh.: 64 %<br \/>Max.luftfuktigh.: 89 %<br \/>Domin. vindriktn.: Sydostlig<br \/>Maxvind: 7 m\/s.<br \/>Nederb\u00f6rd: 10,5 mm<br \/>Meteorologisk \u00e5rstid: Sommar<br \/>Kalendarisk \u00e5rstid: H\u00f6stm\u00e5nad 1 av 3<\/em><\/strong><\/p>\n\n\n\n<figure class=\"wp-block-image size-large\"><img loading=\"lazy\" decoding=\"async\" width=\"1024\" height=\"463\" src=\"https:\/\/media1.jensgustafsson.se\/2025\/09\/image-37-1024x463.png\" alt=\"\" class=\"wp-image-37060\" srcset=\"https:\/\/media1.jensgustafsson.se\/2025\/09\/image-37-1024x463.png 1024w, https:\/\/media1.jensgustafsson.se\/2025\/09\/image-37-300x136.png 300w, https:\/\/media1.jensgustafsson.se\/2025\/09\/image-37-768x348.png 768w, https:\/\/media1.jensgustafsson.se\/2025\/09\/image-37-1536x695.png 1536w, https:\/\/media1.jensgustafsson.se\/2025\/09\/image-37-500x226.png 500w, https:\/\/media1.jensgustafsson.se\/2025\/09\/image-37.png 1843w\" sizes=\"auto, (max-width: 1024px) 100vw, 1024px\" \/><figcaption class=\"wp-element-caption\"><strong><em>M\u00e5nadens medeltemperatur \u00e4r t.o.m. idag 4,9 grader varmare j\u00e4mf\u00f6rt mot den normala.<\/em><\/strong><\/figcaption><\/figure>\n\n\n\n<figure class=\"wp-block-image size-large\"><img loading=\"lazy\" decoding=\"async\" width=\"1024\" height=\"537\" src=\"https:\/\/media1.jensgustafsson.se\/2025\/09\/image-38-1024x537.png\" alt=\"\" class=\"wp-image-37061\" srcset=\"https:\/\/media1.jensgustafsson.se\/2025\/09\/image-38-1024x537.png 1024w, https:\/\/media1.jensgustafsson.se\/2025\/09\/image-38-300x157.png 300w, https:\/\/media1.jensgustafsson.se\/2025\/09\/image-38-768x403.png 768w, https:\/\/media1.jensgustafsson.se\/2025\/09\/image-38-500x262.png 500w, https:\/\/media1.jensgustafsson.se\/2025\/09\/image-38.png 1485w\" sizes=\"auto, (max-width: 1024px) 100vw, 1024px\" \/><figcaption class=\"wp-element-caption\"><strong><em>M\u00e5nadens nederb\u00f6rd \u00e4r t.o.m. idag 120 % av den normala.<\/em><\/strong><\/figcaption><\/figure>\n","protected":false},"excerpt":{"rendered":"<p>Under natten till idag, s\u00e5 \u00e5skade det och regnade. \u00c5skan var inte \u00f6ver oss, men det \u00e4r nog det n\u00e4rmaste vi har haft n\u00e5gon \u00e5ska i \u00e5r. P\u00e5 morgonen var det dimma. Dimman l\u00e4ttade p\u00e5 f\u00f6rmiddagen, och resten av dagen &hellip; <a href=\"https:\/\/jensgustafsson.se\/?p=37059\">Forts\u00e4tt l\u00e4sa <span class=\"meta-nav\">&rarr;<\/span><\/a><\/p>\n","protected":false},"author":1,"featured_media":0,"comment_status":"open","ping_status":"","sticky":false,"template":"","format":"standard","meta":{"footnotes":""},"categories":[10],"tags":[],"class_list":["post-37059","post","type-post","status-publish","format-standard","hentry","category-vaderdagbok-2013"],"_links":{"self":[{"href":"https:\/\/jensgustafsson.se\/index.php?rest_route=\/wp\/v2\/posts\/37059","targetHints":{"allow":["GET"]}}],"collection":[{"href":"https:\/\/jensgustafsson.se\/index.php?rest_route=\/wp\/v2\/posts"}],"about":[{"href":"https:\/\/jensgustafsson.se\/index.php?rest_route=\/wp\/v2\/types\/post"}],"author":[{"embeddable":true,"href":"https:\/\/jensgustafsson.se\/index.php?rest_route=\/wp\/v2\/users\/1"}],"replies":[{"embeddable":true,"href":"https:\/\/jensgustafsson.se\/index.php?rest_route=%2Fwp%2Fv2%2Fcomments&post=37059"}],"version-history":[{"count":3,"href":"https:\/\/jensgustafsson.se\/index.php?rest_route=\/wp\/v2\/posts\/37059\/revisions"}],"predecessor-version":[{"id":37065,"href":"https:\/\/jensgustafsson.se\/index.php?rest_route=\/wp\/v2\/posts\/37059\/revisions\/37065"}],"wp:attachment":[{"href":"https:\/\/jensgustafsson.se\/index.php?rest_route=%2Fwp%2Fv2%2Fmedia&parent=37059"}],"wp:term":[{"taxonomy":"category","embeddable":true,"href":"https:\/\/jensgustafsson.se\/index.php?rest_route=%2Fwp%2Fv2%2Fcategories&post=37059"},{"taxonomy":"post_tag","embeddable":true,"href":"https:\/\/jensgustafsson.se\/index.php?rest_route=%2Fwp%2Fv2%2Ftags&post=37059"}],"curies":[{"name":"wp","href":"https:\/\/api.w.org\/{rel}","templated":true}]}}