{"id":37782,"date":"2025-11-27T18:06:46","date_gmt":"2025-11-27T17:06:46","guid":{"rendered":"https:\/\/jensgustafsson.se\/?p=37782"},"modified":"2025-11-27T18:06:46","modified_gmt":"2025-11-27T17:06:46","slug":"torsdag-27-november-2025","status":"publish","type":"post","link":"https:\/\/jensgustafsson.se\/?p=37782","title":{"rendered":"Torsdag 27 november 2025."},"content":{"rendered":"\n<p class=\"has-medium-font-size\"><em>Natten till idag blev klar och kall. F\u00f6rmiddagen blev solig och fortsatt minusgrader. Vid lunchtid b\u00f6rjade det komma moln, och det mulnade allt mera under eftermiddagen. Under senare delen av eftermiddagen b\u00f6rjade det komma duggregn. Temperaturen har stigit under dagen, och ligger nu p\u00e5 plussidan.<\/em><\/p>\n\n\n\n<figure class=\"wp-block-image size-large\"><img loading=\"lazy\" decoding=\"async\" width=\"1024\" height=\"683\" src=\"https:\/\/media1.jensgustafsson.se\/2025\/11\/DSC_7315-1024x683.jpg\" alt=\"\" class=\"wp-image-37788\" srcset=\"https:\/\/media1.jensgustafsson.se\/2025\/11\/DSC_7315-1024x683.jpg 1024w, https:\/\/media1.jensgustafsson.se\/2025\/11\/DSC_7315-300x200.jpg 300w, https:\/\/media1.jensgustafsson.se\/2025\/11\/DSC_7315-768x512.jpg 768w, https:\/\/media1.jensgustafsson.se\/2025\/11\/DSC_7315-1536x1024.jpg 1536w, https:\/\/media1.jensgustafsson.se\/2025\/11\/DSC_7315-2048x1365.jpg 2048w, https:\/\/media1.jensgustafsson.se\/2025\/11\/DSC_7315-450x300.jpg 450w\" sizes=\"auto, (max-width: 1024px) 100vw, 1024px\" \/><figcaption class=\"wp-element-caption\"><strong><em>I Lilla Klobo p\u00e5 f\u00f6rmiddagen idag.<\/em><\/strong><\/figcaption><\/figure>\n\n\n\n<p class=\"has-medium-font-size\"><em>De senaste 24 timmarnas v\u00e4derdata:<\/em><\/p>\n\n\n\n<p class=\"has-medium-font-size\"><em>20251127 kl. 17.30<br \/>Min. temp: -7,1 \u00b0C<br \/>Max. temp: 2,1 \u00b0C<br \/>Min. lufttryck: 1005,3 hPa<br \/>Max. lufttryck: 1016,2 hPa<br \/>Min.luftfuktigh. 83 %<br \/>Max.luftfuktigh. 87 %<br \/>Domin. vindriktn.: V\u00e4xlande<br \/>Maxvind: 5 m\/s.<br \/>Nederb\u00f6rd: 1 mm<br \/>Meteorologisk \u00e5rstid: Vinter<br \/>Kalendarisk \u00e5rstid: H\u00f6stm\u00e5nad 3 av 3<br \/>Sn\u00f6djup: ca 16 cm<\/em><\/p>\n\n\n\n<figure class=\"wp-block-image size-large\"><img loading=\"lazy\" decoding=\"async\" width=\"1024\" height=\"463\" src=\"https:\/\/media1.jensgustafsson.se\/2025\/11\/image-59-1024x463.png\" alt=\"\" class=\"wp-image-37783\" srcset=\"https:\/\/media1.jensgustafsson.se\/2025\/11\/image-59-1024x463.png 1024w, https:\/\/media1.jensgustafsson.se\/2025\/11\/image-59-300x136.png 300w, https:\/\/media1.jensgustafsson.se\/2025\/11\/image-59-768x348.png 768w, https:\/\/media1.jensgustafsson.se\/2025\/11\/image-59-1536x695.png 1536w, https:\/\/media1.jensgustafsson.se\/2025\/11\/image-59-500x226.png 500w, https:\/\/media1.jensgustafsson.se\/2025\/11\/image-59.png 1843w\" sizes=\"auto, (max-width: 1024px) 100vw, 1024px\" \/><figcaption class=\"wp-element-caption\"><strong><em>M\u00e5nadens medeltemperatur \u00e4r t.o.m. idag 0,9 grader kallare j\u00e4mf\u00f6rt mot normalt.<\/em><\/strong><\/figcaption><\/figure>\n\n\n\n<figure class=\"wp-block-image size-large\"><img loading=\"lazy\" decoding=\"async\" width=\"1024\" height=\"563\" src=\"https:\/\/media1.jensgustafsson.se\/2025\/11\/image-60-1024x563.png\" alt=\"\" class=\"wp-image-37784\" srcset=\"https:\/\/media1.jensgustafsson.se\/2025\/11\/image-60-1024x563.png 1024w, https:\/\/media1.jensgustafsson.se\/2025\/11\/image-60-300x165.png 300w, https:\/\/media1.jensgustafsson.se\/2025\/11\/image-60-768x422.png 768w, https:\/\/media1.jensgustafsson.se\/2025\/11\/image-60-500x275.png 500w, https:\/\/media1.jensgustafsson.se\/2025\/11\/image-60.png 1485w\" sizes=\"auto, (max-width: 1024px) 100vw, 1024px\" \/><figcaption class=\"wp-element-caption\"><strong><em>M\u00e5nadens nederb\u00f6rd \u00e4r t.o.m. idag&nbsp; 53% av den normala.<\/em><\/strong><\/figcaption><\/figure>\n","protected":false},"excerpt":{"rendered":"<p>Natten till idag blev klar och kall. F\u00f6rmiddagen blev solig och fortsatt minusgrader. Vid lunchtid b\u00f6rjade det komma moln, och det mulnade allt mera under eftermiddagen. Under senare delen av eftermiddagen b\u00f6rjade det komma duggregn. Temperaturen har stigit under dagen, &hellip; <a href=\"https:\/\/jensgustafsson.se\/?p=37782\">Forts\u00e4tt l\u00e4sa <span class=\"meta-nav\">&rarr;<\/span><\/a><\/p>\n","protected":false},"author":1,"featured_media":0,"comment_status":"open","ping_status":"","sticky":false,"template":"","format":"standard","meta":{"footnotes":""},"categories":[10],"tags":[],"class_list":["post-37782","post","type-post","status-publish","format-standard","hentry","category-vaderdagbok-2013"],"_links":{"self":[{"href":"https:\/\/jensgustafsson.se\/index.php?rest_route=\/wp\/v2\/posts\/37782","targetHints":{"allow":["GET"]}}],"collection":[{"href":"https:\/\/jensgustafsson.se\/index.php?rest_route=\/wp\/v2\/posts"}],"about":[{"href":"https:\/\/jensgustafsson.se\/index.php?rest_route=\/wp\/v2\/types\/post"}],"author":[{"embeddable":true,"href":"https:\/\/jensgustafsson.se\/index.php?rest_route=\/wp\/v2\/users\/1"}],"replies":[{"embeddable":true,"href":"https:\/\/jensgustafsson.se\/index.php?rest_route=%2Fwp%2Fv2%2Fcomments&post=37782"}],"version-history":[{"count":3,"href":"https:\/\/jensgustafsson.se\/index.php?rest_route=\/wp\/v2\/posts\/37782\/revisions"}],"predecessor-version":[{"id":37789,"href":"https:\/\/jensgustafsson.se\/index.php?rest_route=\/wp\/v2\/posts\/37782\/revisions\/37789"}],"wp:attachment":[{"href":"https:\/\/jensgustafsson.se\/index.php?rest_route=%2Fwp%2Fv2%2Fmedia&parent=37782"}],"wp:term":[{"taxonomy":"category","embeddable":true,"href":"https:\/\/jensgustafsson.se\/index.php?rest_route=%2Fwp%2Fv2%2Fcategories&post=37782"},{"taxonomy":"post_tag","embeddable":true,"href":"https:\/\/jensgustafsson.se\/index.php?rest_route=%2Fwp%2Fv2%2Ftags&post=37782"}],"curies":[{"name":"wp","href":"https:\/\/api.w.org\/{rel}","templated":true}]}}