{"id":37797,"date":"2025-11-29T16:57:42","date_gmt":"2025-11-29T15:57:42","guid":{"rendered":"https:\/\/jensgustafsson.se\/?p=37797"},"modified":"2025-11-29T16:57:42","modified_gmt":"2025-11-29T15:57:42","slug":"lordag-29-november-2025","status":"publish","type":"post","link":"https:\/\/jensgustafsson.se\/?p=37797","title":{"rendered":"L\u00f6rdag 29 november 2025."},"content":{"rendered":"\n<p class=\"has-medium-font-size\"><em>Molnen har dominerat denna dagen, men under eftermiddagen, s\u00e5 har det varit gluggar bland molnen, s\u00e5 att solen och den bl\u00e5a himlen kunnat ses kortare perioder. N\u00e4st sista dagen p\u00e5 \u00e5rets novemberm\u00e5nad, som varit ordentligt sv\u00e4ngig i temperaturen. Senaste dygnet har vi haft flera plusgrader b\u00e5de dag och natt.<\/em><\/p>\n\n\n\n<figure class=\"wp-block-image size-large\"><img loading=\"lazy\" decoding=\"async\" width=\"1024\" height=\"768\" src=\"https:\/\/media1.jensgustafsson.se\/2025\/11\/29-nov-2025-1024x768.jpg\" alt=\"\" class=\"wp-image-37798\" srcset=\"https:\/\/media1.jensgustafsson.se\/2025\/11\/29-nov-2025-1024x768.jpg 1024w, https:\/\/media1.jensgustafsson.se\/2025\/11\/29-nov-2025-300x225.jpg 300w, https:\/\/media1.jensgustafsson.se\/2025\/11\/29-nov-2025-768x576.jpg 768w, https:\/\/media1.jensgustafsson.se\/2025\/11\/29-nov-2025-1536x1152.jpg 1536w, https:\/\/media1.jensgustafsson.se\/2025\/11\/29-nov-2025-400x300.jpg 400w, https:\/\/media1.jensgustafsson.se\/2025\/11\/29-nov-2025.jpg 1920w\" sizes=\"auto, (max-width: 1024px) 100vw, 1024px\" \/><figcaption class=\"wp-element-caption\"><strong><em>Vid Bruksdammen i eftermiddag.<\/em><\/strong><\/figcaption><\/figure>\n\n\n\n<p class=\"has-medium-font-size\"><em>De senaste 24 timmarnas v\u00e4derdata:<\/em><\/p>\n\n\n\n<p class=\"has-medium-font-size\"><strong><em>20251129 kl. 17.00<br \/>Min. temp: 3,9 \u00b0C<br \/>Max. temp: 7 \u00b0C<br \/>Min. lufttryck: 1001 hPa<br \/>Max. lufttryck: 1004,7 hPa<br \/>Min.luftfuktigh. 79 %<br \/>Max.luftfuktigh. 88 %<br \/>Domin. vindriktn.: Sydv\u00e4stlig<br \/>Maxvind: 8 m\/s.<br \/>Nederb\u00f6rd: 0 mm<br \/>Meteorologisk \u00e5rstid: Vinter<br \/>Kalendarisk \u00e5rstid: H\u00f6stm\u00e5nad 3 av 3<br \/>Sn\u00f6djup: Ej sammanh\u00e4ngande sn\u00f6t\u00e4cke<\/em><\/strong><\/p>\n\n\n\n<figure class=\"wp-block-image size-large\"><img loading=\"lazy\" decoding=\"async\" width=\"1024\" height=\"477\" src=\"https:\/\/media1.jensgustafsson.se\/2025\/11\/image-63-1024x477.png\" alt=\"\" class=\"wp-image-37802\" srcset=\"https:\/\/media1.jensgustafsson.se\/2025\/11\/image-63-1024x477.png 1024w, https:\/\/media1.jensgustafsson.se\/2025\/11\/image-63-300x140.png 300w, https:\/\/media1.jensgustafsson.se\/2025\/11\/image-63-768x358.png 768w, https:\/\/media1.jensgustafsson.se\/2025\/11\/image-63-1536x715.png 1536w, https:\/\/media1.jensgustafsson.se\/2025\/11\/image-63-500x233.png 500w, https:\/\/media1.jensgustafsson.se\/2025\/11\/image-63.png 1871w\" sizes=\"auto, (max-width: 1024px) 100vw, 1024px\" \/><\/figure>\n\n\n\n<figure class=\"wp-block-image size-large\"><img loading=\"lazy\" decoding=\"async\" width=\"1024\" height=\"563\" src=\"https:\/\/media1.jensgustafsson.se\/2025\/11\/image-64-1024x563.png\" alt=\"\" class=\"wp-image-37803\" srcset=\"https:\/\/media1.jensgustafsson.se\/2025\/11\/image-64-1024x563.png 1024w, https:\/\/media1.jensgustafsson.se\/2025\/11\/image-64-300x165.png 300w, https:\/\/media1.jensgustafsson.se\/2025\/11\/image-64-768x422.png 768w, https:\/\/media1.jensgustafsson.se\/2025\/11\/image-64-500x275.png 500w, https:\/\/media1.jensgustafsson.se\/2025\/11\/image-64.png 1485w\" sizes=\"auto, (max-width: 1024px) 100vw, 1024px\" \/><\/figure>\n","protected":false},"excerpt":{"rendered":"<p>Molnen har dominerat denna dagen, men under eftermiddagen, s\u00e5 har det varit gluggar bland molnen, s\u00e5 att solen och den bl\u00e5a himlen kunnat ses kortare perioder. N\u00e4st sista dagen p\u00e5 \u00e5rets novemberm\u00e5nad, som varit ordentligt sv\u00e4ngig i temperaturen. Senaste dygnet &hellip; <a href=\"https:\/\/jensgustafsson.se\/?p=37797\">Forts\u00e4tt l\u00e4sa <span class=\"meta-nav\">&rarr;<\/span><\/a><\/p>\n","protected":false},"author":1,"featured_media":0,"comment_status":"open","ping_status":"","sticky":false,"template":"","format":"standard","meta":{"footnotes":""},"categories":[10],"tags":[],"class_list":["post-37797","post","type-post","status-publish","format-standard","hentry","category-vaderdagbok-2013"],"_links":{"self":[{"href":"https:\/\/jensgustafsson.se\/index.php?rest_route=\/wp\/v2\/posts\/37797","targetHints":{"allow":["GET"]}}],"collection":[{"href":"https:\/\/jensgustafsson.se\/index.php?rest_route=\/wp\/v2\/posts"}],"about":[{"href":"https:\/\/jensgustafsson.se\/index.php?rest_route=\/wp\/v2\/types\/post"}],"author":[{"embeddable":true,"href":"https:\/\/jensgustafsson.se\/index.php?rest_route=\/wp\/v2\/users\/1"}],"replies":[{"embeddable":true,"href":"https:\/\/jensgustafsson.se\/index.php?rest_route=%2Fwp%2Fv2%2Fcomments&post=37797"}],"version-history":[{"count":4,"href":"https:\/\/jensgustafsson.se\/index.php?rest_route=\/wp\/v2\/posts\/37797\/revisions"}],"predecessor-version":[{"id":37804,"href":"https:\/\/jensgustafsson.se\/index.php?rest_route=\/wp\/v2\/posts\/37797\/revisions\/37804"}],"wp:attachment":[{"href":"https:\/\/jensgustafsson.se\/index.php?rest_route=%2Fwp%2Fv2%2Fmedia&parent=37797"}],"wp:term":[{"taxonomy":"category","embeddable":true,"href":"https:\/\/jensgustafsson.se\/index.php?rest_route=%2Fwp%2Fv2%2Fcategories&post=37797"},{"taxonomy":"post_tag","embeddable":true,"href":"https:\/\/jensgustafsson.se\/index.php?rest_route=%2Fwp%2Fv2%2Ftags&post=37797"}],"curies":[{"name":"wp","href":"https:\/\/api.w.org\/{rel}","templated":true}]}}