{"id":3839,"date":"2014-08-28T19:56:19","date_gmt":"2014-08-28T18:56:19","guid":{"rendered":"http:\/\/jensgustafsson.se\/?p=3839"},"modified":"2014-08-28T19:56:19","modified_gmt":"2014-08-28T18:56:19","slug":"torsdag-28-augusti-2014","status":"publish","type":"post","link":"https:\/\/jensgustafsson.se\/?p=3839","title":{"rendered":"Torsdag 28 augusti 2014."},"content":{"rendered":"<p><span style=\"color: #33cccc;\"><em>\u00c4nnu en fin sensommardag med klarbl\u00e5 himmel under f\u00f6rmiddagen och lite molnklimpar under eftermiddagen. En behaglig temperatur p\u00e5 cirka 20 grader k\u00e4nns helt okej tycker jag.<\/em><\/span><\/p>\n<p><span style=\"color: #33cccc;\"><em>Loggarna p\u00e5 v\u00e4derstationen under tiden 20140827 kl.21.30 till 20140828 kl.20.55:<\/em><\/span><\/p>\n<table width=\"323\">\n<tbody>\n<tr>\n<td width=\"191\"><span style=\"color: #33cccc;\"><em>Aktuell temp:<\/em><\/span><\/td>\n<td width=\"68\"><span style=\"color: #33cccc;\"><em>13,9<\/em><\/span><\/td>\n<td width=\"64\"><span style=\"color: #33cccc;\"><em>\u00b0C<\/em><\/span><\/td>\n<\/tr>\n<tr>\n<td><span style=\"color: #33cccc;\"><em>Mintemp:<\/em><\/span><\/td>\n<td><span style=\"color: #33cccc;\"><em>9,6<\/em><\/span><\/td>\n<td><span style=\"color: #33cccc;\"><em>\u00b0C<\/em><\/span><\/td>\n<\/tr>\n<tr>\n<td><span style=\"color: #33cccc;\"><em>Maxtemp:<\/em><\/span><\/td>\n<td><span style=\"color: #33cccc;\"><em>20,6<\/em><\/span><\/td>\n<td><span style=\"color: #33cccc;\"><em>\u00b0C<\/em><\/span><\/td>\n<\/tr>\n<tr>\n<td><span style=\"color: #33cccc;\"><em>Luftfuktigh:<\/em><\/span><\/td>\n<td><span style=\"color: #33cccc;\"><em>67<\/em><\/span><\/td>\n<td><span style=\"color: #33cccc;\"><em>%<\/em><\/span><\/td>\n<\/tr>\n<tr>\n<td><span style=\"color: #33cccc;\"><em>Min.<\/em><\/span><\/td>\n<td><span style=\"color: #33cccc;\"><em>45<\/em><\/span><\/td>\n<td><span style=\"color: #33cccc;\"><em>%<\/em><\/span><\/td>\n<\/tr>\n<tr>\n<td><span style=\"color: #33cccc;\"><em>Max.<\/em><\/span><\/td>\n<td><span style=\"color: #33cccc;\"><em>81<\/em><\/span><\/td>\n<td><span style=\"color: #33cccc;\"><em>%<\/em><\/span><\/td>\n<\/tr>\n<tr>\n<td><span style=\"color: #33cccc;\"><em>Lufttryck:<\/em><\/span><\/td>\n<td><span style=\"color: #33cccc;\"><em>1014<\/em><\/span><\/td>\n<td><span style=\"color: #33cccc;\"><em>hPa<\/em><\/span><\/td>\n<\/tr>\n<tr>\n<td><span style=\"color: #33cccc;\"><em>Min.<\/em><\/span><\/td>\n<td><span style=\"color: #33cccc;\"><em>1010,6<\/em><\/span><\/td>\n<td><span style=\"color: #33cccc;\"><em>hPa<\/em><\/span><\/td>\n<\/tr>\n<tr>\n<td><span style=\"color: #33cccc;\"><em>Max.<\/em><\/span><\/td>\n<td><span style=\"color: #33cccc;\"><em>1014,1<\/em><\/span><\/td>\n<td><span style=\"color: #33cccc;\"><em>hPa<\/em><\/span><\/td>\n<\/tr>\n<tr>\n<td><span style=\"color: #33cccc;\"><em>Vindriktning:<\/em><\/span><\/td>\n<td><span style=\"color: #33cccc;\"><em>V\u00e4stlig.<\/em><\/span><\/td>\n<\/tr>\n<tr>\n<td><span style=\"color: #33cccc;\"><em>Vindhast.<\/em><\/span><\/td>\n<td><span style=\"color: #33cccc;\"><em>0<\/em><\/span><\/td>\n<td><span style=\"color: #33cccc;\"><em>m\/s<\/em><\/span><\/td>\n<\/tr>\n<tr>\n<td><span style=\"color: #33cccc;\"><em>Maxvind:<\/em><\/span><\/td>\n<td><span style=\"color: #33cccc;\"><em>6<\/em><\/span><\/td>\n<td><span style=\"color: #33cccc;\"><em>m\/s<\/em><\/span><\/td>\n<\/tr>\n<\/tbody>\n<\/table>\n","protected":false},"excerpt":{"rendered":"<p>\u00c4nnu en fin sensommardag med klarbl\u00e5 himmel under f\u00f6rmiddagen och lite molnklimpar under eftermiddagen. En behaglig temperatur p\u00e5 cirka 20 grader k\u00e4nns helt okej tycker jag. Loggarna p\u00e5 v\u00e4derstationen under tiden 20140827 kl.21.30 till 20140828 kl.20.55: Aktuell temp: 13,9 \u00b0C &hellip; <a href=\"https:\/\/jensgustafsson.se\/?p=3839\">Forts\u00e4tt l\u00e4sa <span class=\"meta-nav\">&rarr;<\/span><\/a><\/p>\n","protected":false},"author":1,"featured_media":0,"comment_status":"open","ping_status":"open","sticky":false,"template":"","format":"standard","meta":{"footnotes":""},"categories":[10],"tags":[],"class_list":["post-3839","post","type-post","status-publish","format-standard","hentry","category-vaderdagbok-2013"],"_links":{"self":[{"href":"https:\/\/jensgustafsson.se\/index.php?rest_route=\/wp\/v2\/posts\/3839","targetHints":{"allow":["GET"]}}],"collection":[{"href":"https:\/\/jensgustafsson.se\/index.php?rest_route=\/wp\/v2\/posts"}],"about":[{"href":"https:\/\/jensgustafsson.se\/index.php?rest_route=\/wp\/v2\/types\/post"}],"author":[{"embeddable":true,"href":"https:\/\/jensgustafsson.se\/index.php?rest_route=\/wp\/v2\/users\/1"}],"replies":[{"embeddable":true,"href":"https:\/\/jensgustafsson.se\/index.php?rest_route=%2Fwp%2Fv2%2Fcomments&post=3839"}],"version-history":[{"count":1,"href":"https:\/\/jensgustafsson.se\/index.php?rest_route=\/wp\/v2\/posts\/3839\/revisions"}],"predecessor-version":[{"id":3840,"href":"https:\/\/jensgustafsson.se\/index.php?rest_route=\/wp\/v2\/posts\/3839\/revisions\/3840"}],"wp:attachment":[{"href":"https:\/\/jensgustafsson.se\/index.php?rest_route=%2Fwp%2Fv2%2Fmedia&parent=3839"}],"wp:term":[{"taxonomy":"category","embeddable":true,"href":"https:\/\/jensgustafsson.se\/index.php?rest_route=%2Fwp%2Fv2%2Fcategories&post=3839"},{"taxonomy":"post_tag","embeddable":true,"href":"https:\/\/jensgustafsson.se\/index.php?rest_route=%2Fwp%2Fv2%2Ftags&post=3839"}],"curies":[{"name":"wp","href":"https:\/\/api.w.org\/{rel}","templated":true}]}}