{"id":39136,"date":"2026-04-27T16:41:40","date_gmt":"2026-04-27T15:41:40","guid":{"rendered":"https:\/\/jensgustafsson.se\/?p=39136"},"modified":"2026-04-27T16:41:40","modified_gmt":"2026-04-27T15:41:40","slug":"mandag-27-april-2026","status":"publish","type":"post","link":"https:\/\/jensgustafsson.se\/?p=39136","title":{"rendered":"M\u00e5ndag 27 april 2026."},"content":{"rendered":"\n<p class=\"has-medium-font-size\"><em>En klar och kylig natt med 1 minusgrad. En solig dag med i princip molnfri himmel idag igen. Ganska blygsam dagstemperatur, och en frisk, kylig vind. Ett par dagar till i den h\u00e4r kyliga luftmassan s\u00e4ger prognoserna, sedan ska det komma sommarv\u00e4rme. Vi f\u00e5r se hur det blir i verkligheten.<\/em><\/p>\n\n\n\n<p class=\"has-medium-font-size\"><strong><em>V\u00e4derdata fr\u00e5n kl.18.00 ig\u00e5r, till kl.18.00 idag:<\/em><\/strong><\/p>\n\n\n\n<p class=\"has-medium-font-size\"><strong><em>20260427 kl. 18.00<br \/>Min. temp: -1 \u00b0C<br \/>Max. temp: 11,8 \u00b0C<br \/>Min. lufttryck: 1016,2 hPa<br \/>Max. lufttryck: 1020,6 hPa<br \/>Min.luftfuktigh. 29 %<br \/>Max.luftfuktigh. 64 %<br \/>Domin. vindriktn.: Nordv\u00e4stlig<br \/>Maxvind: 8 m\/s.<br \/>Nederb\u00f6rd: 0 mm<\/em><\/strong><\/p>\n\n\n\n<figure class=\"wp-block-image size-large\"><img loading=\"lazy\" decoding=\"async\" width=\"1024\" height=\"838\" src=\"https:\/\/media1.jensgustafsson.se\/2026\/04\/DSC_9581-1024x838.jpg\" alt=\"\" class=\"wp-image-39137\" srcset=\"https:\/\/media1.jensgustafsson.se\/2026\/04\/DSC_9581-1024x838.jpg 1024w, https:\/\/media1.jensgustafsson.se\/2026\/04\/DSC_9581-300x246.jpg 300w, https:\/\/media1.jensgustafsson.se\/2026\/04\/DSC_9581-768x629.jpg 768w, https:\/\/media1.jensgustafsson.se\/2026\/04\/DSC_9581-1536x1257.jpg 1536w, https:\/\/media1.jensgustafsson.se\/2026\/04\/DSC_9581-2048x1677.jpg 2048w, https:\/\/media1.jensgustafsson.se\/2026\/04\/DSC_9581-366x300.jpg 366w\" sizes=\"auto, (max-width: 1024px) 100vw, 1024px\" \/><figcaption class=\"wp-element-caption\"><strong><em>S\u00e4des\u00e4rlan stannar upp en stund i solen.<\/em><\/strong><\/figcaption><\/figure>\n\n\n\n<figure class=\"wp-block-image size-large\"><img loading=\"lazy\" decoding=\"async\" width=\"1024\" height=\"463\" src=\"https:\/\/media1.jensgustafsson.se\/2026\/04\/image-56-1024x463.png\" alt=\"\" class=\"wp-image-39139\" srcset=\"https:\/\/media1.jensgustafsson.se\/2026\/04\/image-56-1024x463.png 1024w, https:\/\/media1.jensgustafsson.se\/2026\/04\/image-56-300x136.png 300w, https:\/\/media1.jensgustafsson.se\/2026\/04\/image-56-768x348.png 768w, https:\/\/media1.jensgustafsson.se\/2026\/04\/image-56-1536x695.png 1536w, https:\/\/media1.jensgustafsson.se\/2026\/04\/image-56-500x226.png 500w, https:\/\/media1.jensgustafsson.se\/2026\/04\/image-56.png 1843w\" sizes=\"auto, (max-width: 1024px) 100vw, 1024px\" \/><\/figure>\n\n\n\n<figure class=\"wp-block-image size-large\"><img loading=\"lazy\" decoding=\"async\" width=\"1024\" height=\"576\" src=\"https:\/\/media1.jensgustafsson.se\/2026\/04\/image-57-1024x576.png\" alt=\"\" class=\"wp-image-39140\" srcset=\"https:\/\/media1.jensgustafsson.se\/2026\/04\/image-57-1024x576.png 1024w, https:\/\/media1.jensgustafsson.se\/2026\/04\/image-57-300x169.png 300w, https:\/\/media1.jensgustafsson.se\/2026\/04\/image-57-768x432.png 768w, https:\/\/media1.jensgustafsson.se\/2026\/04\/image-57-500x281.png 500w, https:\/\/media1.jensgustafsson.se\/2026\/04\/image-57.png 1485w\" sizes=\"auto, (max-width: 1024px) 100vw, 1024px\" \/><\/figure>\n","protected":false},"excerpt":{"rendered":"<p>En klar och kylig natt med 1 minusgrad. En solig dag med i princip molnfri himmel idag igen. Ganska blygsam dagstemperatur, och en frisk, kylig vind. Ett par dagar till i den h\u00e4r kyliga luftmassan s\u00e4ger prognoserna, sedan ska det &hellip; <a href=\"https:\/\/jensgustafsson.se\/?p=39136\">Forts\u00e4tt l\u00e4sa <span class=\"meta-nav\">&rarr;<\/span><\/a><\/p>\n","protected":false},"author":1,"featured_media":0,"comment_status":"open","ping_status":"","sticky":false,"template":"","format":"standard","meta":{"footnotes":""},"categories":[10],"tags":[],"class_list":["post-39136","post","type-post","status-publish","format-standard","hentry","category-vaderdagbok-2013"],"_links":{"self":[{"href":"https:\/\/jensgustafsson.se\/index.php?rest_route=\/wp\/v2\/posts\/39136","targetHints":{"allow":["GET"]}}],"collection":[{"href":"https:\/\/jensgustafsson.se\/index.php?rest_route=\/wp\/v2\/posts"}],"about":[{"href":"https:\/\/jensgustafsson.se\/index.php?rest_route=\/wp\/v2\/types\/post"}],"author":[{"embeddable":true,"href":"https:\/\/jensgustafsson.se\/index.php?rest_route=\/wp\/v2\/users\/1"}],"replies":[{"embeddable":true,"href":"https:\/\/jensgustafsson.se\/index.php?rest_route=%2Fwp%2Fv2%2Fcomments&post=39136"}],"version-history":[{"count":2,"href":"https:\/\/jensgustafsson.se\/index.php?rest_route=\/wp\/v2\/posts\/39136\/revisions"}],"predecessor-version":[{"id":39141,"href":"https:\/\/jensgustafsson.se\/index.php?rest_route=\/wp\/v2\/posts\/39136\/revisions\/39141"}],"wp:attachment":[{"href":"https:\/\/jensgustafsson.se\/index.php?rest_route=%2Fwp%2Fv2%2Fmedia&parent=39136"}],"wp:term":[{"taxonomy":"category","embeddable":true,"href":"https:\/\/jensgustafsson.se\/index.php?rest_route=%2Fwp%2Fv2%2Fcategories&post=39136"},{"taxonomy":"post_tag","embeddable":true,"href":"https:\/\/jensgustafsson.se\/index.php?rest_route=%2Fwp%2Fv2%2Ftags&post=39136"}],"curies":[{"name":"wp","href":"https:\/\/api.w.org\/{rel}","templated":true}]}}