{"id":39148,"date":"2026-04-28T17:14:54","date_gmt":"2026-04-28T16:14:54","guid":{"rendered":"https:\/\/jensgustafsson.se\/?p=39148"},"modified":"2026-04-28T17:14:54","modified_gmt":"2026-04-28T16:14:54","slug":"tisdag-28-april-2026","status":"publish","type":"post","link":"https:\/\/jensgustafsson.se\/?p=39148","title":{"rendered":"Tisdag 28 april 2026."},"content":{"rendered":"\n<p class=\"has-medium-font-size\"><em>P\u00e5 morgonen var det klar himmel och minusgrader. P\u00e5 f\u00f6rmiddagen kom det d\u00e4refter stackmoln, och molnigheten varierade. Under eftermiddagen fortsatte det med v\u00e4xlande molnighet, men mera inslag av sol j\u00e4mf\u00f6rt mot f\u00f6rmiddagen. Den kyliga vinden fortsatte idag ocks\u00e5.<\/em><\/p>\n\n\n\n<p class=\"has-medium-font-size\"><strong><em>V\u00e4derdata fr\u00e5n kl.18.00 ig\u00e5r, till kl.18.00 idag:<\/em><\/strong><\/p>\n\n\n\n<p class=\"has-medium-font-size\"><strong><em>20260428 kl. 18.00<br \/>Min. temp: -1,2 \u00b0C<br \/>Max. temp: 11,8 \u00b0C<br \/>Min. lufttryck: 1019,6 hPa<br \/>Max. lufttryck: 1024,1 hPa<br \/>Min.luftfuktigh. 31 %<br \/>Max.luftfuktigh. 70 %<br \/>Domin. vindriktn.: Nordlig<br \/>Maxvind: 9 m\/s.<br \/>Nederb\u00f6rd: 0 mm<\/em><\/strong><\/p>\n\n\n\n<figure class=\"wp-block-image size-large\"><img loading=\"lazy\" decoding=\"async\" width=\"1024\" height=\"683\" src=\"https:\/\/media1.jensgustafsson.se\/2026\/04\/DSC_9631-1024x683.jpg\" alt=\"\" class=\"wp-image-39149\" srcset=\"https:\/\/media1.jensgustafsson.se\/2026\/04\/DSC_9631-1024x683.jpg 1024w, https:\/\/media1.jensgustafsson.se\/2026\/04\/DSC_9631-300x200.jpg 300w, https:\/\/media1.jensgustafsson.se\/2026\/04\/DSC_9631-768x512.jpg 768w, https:\/\/media1.jensgustafsson.se\/2026\/04\/DSC_9631-1536x1024.jpg 1536w, https:\/\/media1.jensgustafsson.se\/2026\/04\/DSC_9631-2048x1365.jpg 2048w, https:\/\/media1.jensgustafsson.se\/2026\/04\/DSC_9631-450x300.jpg 450w\" sizes=\"auto, (max-width: 1024px) 100vw, 1024px\" \/><figcaption class=\"wp-element-caption\"><strong><em>Byv\u00e4gen, Lilla Klobo p\u00e5 f\u00f6rmiddagen idag.<\/em><\/strong><\/figcaption><\/figure>\n\n\n\n<figure class=\"wp-block-image size-large\"><img loading=\"lazy\" decoding=\"async\" width=\"1024\" height=\"463\" src=\"https:\/\/media1.jensgustafsson.se\/2026\/04\/image-58-1024x463.png\" alt=\"\" class=\"wp-image-39152\" srcset=\"https:\/\/media1.jensgustafsson.se\/2026\/04\/image-58-1024x463.png 1024w, https:\/\/media1.jensgustafsson.se\/2026\/04\/image-58-300x136.png 300w, https:\/\/media1.jensgustafsson.se\/2026\/04\/image-58-768x348.png 768w, https:\/\/media1.jensgustafsson.se\/2026\/04\/image-58-1536x695.png 1536w, https:\/\/media1.jensgustafsson.se\/2026\/04\/image-58-500x226.png 500w, https:\/\/media1.jensgustafsson.se\/2026\/04\/image-58.png 1843w\" sizes=\"auto, (max-width: 1024px) 100vw, 1024px\" \/><\/figure>\n\n\n\n<figure class=\"wp-block-image size-large\"><img loading=\"lazy\" decoding=\"async\" width=\"1024\" height=\"576\" src=\"https:\/\/media1.jensgustafsson.se\/2026\/04\/image-59-1024x576.png\" alt=\"\" class=\"wp-image-39153\" srcset=\"https:\/\/media1.jensgustafsson.se\/2026\/04\/image-59-1024x576.png 1024w, https:\/\/media1.jensgustafsson.se\/2026\/04\/image-59-300x169.png 300w, https:\/\/media1.jensgustafsson.se\/2026\/04\/image-59-768x432.png 768w, https:\/\/media1.jensgustafsson.se\/2026\/04\/image-59-500x281.png 500w, https:\/\/media1.jensgustafsson.se\/2026\/04\/image-59.png 1485w\" sizes=\"auto, (max-width: 1024px) 100vw, 1024px\" \/><\/figure>\n\n\n\n<p><\/p>\n","protected":false},"excerpt":{"rendered":"<p>P\u00e5 morgonen var det klar himmel och minusgrader. P\u00e5 f\u00f6rmiddagen kom det d\u00e4refter stackmoln, och molnigheten varierade. Under eftermiddagen fortsatte det med v\u00e4xlande molnighet, men mera inslag av sol j\u00e4mf\u00f6rt mot f\u00f6rmiddagen. Den kyliga vinden fortsatte idag ocks\u00e5. V\u00e4derdata fr\u00e5n &hellip; <a href=\"https:\/\/jensgustafsson.se\/?p=39148\">Forts\u00e4tt l\u00e4sa <span class=\"meta-nav\">&rarr;<\/span><\/a><\/p>\n","protected":false},"author":1,"featured_media":0,"comment_status":"open","ping_status":"","sticky":false,"template":"","format":"standard","meta":{"footnotes":""},"categories":[10],"tags":[],"class_list":["post-39148","post","type-post","status-publish","format-standard","hentry","category-vaderdagbok-2013"],"_links":{"self":[{"href":"https:\/\/jensgustafsson.se\/index.php?rest_route=\/wp\/v2\/posts\/39148","targetHints":{"allow":["GET"]}}],"collection":[{"href":"https:\/\/jensgustafsson.se\/index.php?rest_route=\/wp\/v2\/posts"}],"about":[{"href":"https:\/\/jensgustafsson.se\/index.php?rest_route=\/wp\/v2\/types\/post"}],"author":[{"embeddable":true,"href":"https:\/\/jensgustafsson.se\/index.php?rest_route=\/wp\/v2\/users\/1"}],"replies":[{"embeddable":true,"href":"https:\/\/jensgustafsson.se\/index.php?rest_route=%2Fwp%2Fv2%2Fcomments&post=39148"}],"version-history":[{"count":3,"href":"https:\/\/jensgustafsson.se\/index.php?rest_route=\/wp\/v2\/posts\/39148\/revisions"}],"predecessor-version":[{"id":39154,"href":"https:\/\/jensgustafsson.se\/index.php?rest_route=\/wp\/v2\/posts\/39148\/revisions\/39154"}],"wp:attachment":[{"href":"https:\/\/jensgustafsson.se\/index.php?rest_route=%2Fwp%2Fv2%2Fmedia&parent=39148"}],"wp:term":[{"taxonomy":"category","embeddable":true,"href":"https:\/\/jensgustafsson.se\/index.php?rest_route=%2Fwp%2Fv2%2Fcategories&post=39148"},{"taxonomy":"post_tag","embeddable":true,"href":"https:\/\/jensgustafsson.se\/index.php?rest_route=%2Fwp%2Fv2%2Ftags&post=39148"}],"curies":[{"name":"wp","href":"https:\/\/api.w.org\/{rel}","templated":true}]}}