{"id":4050,"date":"2014-11-12T21:04:08","date_gmt":"2014-11-12T20:04:08","guid":{"rendered":"http:\/\/jensgustafsson.se\/?p=4050"},"modified":"2014-11-12T21:04:08","modified_gmt":"2014-11-12T20:04:08","slug":"onsdag-12-november-2014","status":"publish","type":"post","link":"https:\/\/jensgustafsson.se\/?p=4050","title":{"rendered":"Onsdag 12 november 2014."},"content":{"rendered":"<p>&nbsp;<\/p>\n<p><span style=\"color: #33cccc;\"><em>En mulen och gr\u00e5 dag, och ikv\u00e4ll har det b\u00f6rjat duggregna. Dagarna blir kortare snabbt nu tycker jag&#8230;idag b\u00f6rjade det skymma strax efter klockan 15, p\u00e5 grund av det mulna disiga v\u00e4dret.<\/em><\/span><\/p>\n<p><span style=\"color: #33cccc;\"><em>Loggat under tiden 20141111 kl.21.45 till 20141112 kl.21.00:<\/em><\/span><\/p>\n<table width=\"342\">\n<tbody>\n<tr>\n<td width=\"191\"><span style=\"color: #33cccc;\"><em>Aktuell temp:<\/em><\/span><\/td>\n<td width=\"87\"><span style=\"color: #33cccc;\"><em>7,6<\/em><\/span><\/td>\n<td width=\"64\"><span style=\"color: #33cccc;\"><em>\u00b0C<\/em><\/span><\/td>\n<\/tr>\n<tr>\n<td><span style=\"color: #33cccc;\"><em>Mintemp:<\/em><\/span><\/td>\n<td><span style=\"color: #33cccc;\"><em>2,1<\/em><\/span><\/td>\n<td><span style=\"color: #33cccc;\"><em>\u00b0C<\/em><\/span><\/td>\n<\/tr>\n<tr>\n<td><span style=\"color: #33cccc;\"><em>Maxtemp:<\/em><\/span><\/td>\n<td><span style=\"color: #33cccc;\"><em>7,9<\/em><\/span><\/td>\n<td><span style=\"color: #33cccc;\"><em>\u00b0C<\/em><\/span><\/td>\n<\/tr>\n<tr>\n<td><span style=\"color: #33cccc;\"><em>Luftfuktigh:<\/em><\/span><\/td>\n<td><span style=\"color: #33cccc;\"><em>93<\/em><\/span><\/td>\n<td><span style=\"color: #33cccc;\"><em>%<\/em><\/span><\/td>\n<\/tr>\n<tr>\n<td><span style=\"color: #33cccc;\"><em>Min.<\/em><\/span><\/td>\n<td><span style=\"color: #33cccc;\"><em>91<\/em><\/span><\/td>\n<td><span style=\"color: #33cccc;\"><em>%<\/em><\/span><\/td>\n<\/tr>\n<tr>\n<td><span style=\"color: #33cccc;\"><em>Max.<\/em><\/span><\/td>\n<td><span style=\"color: #33cccc;\"><em>93<\/em><\/span><\/td>\n<td><span style=\"color: #33cccc;\"><em>%<\/em><\/span><\/td>\n<\/tr>\n<tr>\n<td><span style=\"color: #33cccc;\"><em>Lufttryck:<\/em><\/span><\/td>\n<td><span style=\"color: #33cccc;\"><em>1015,8<\/em><\/span><\/td>\n<td><span style=\"color: #33cccc;\"><em>hPa<\/em><\/span><\/td>\n<\/tr>\n<tr>\n<td><span style=\"color: #33cccc;\"><em>Min.<\/em><\/span><\/td>\n<td><span style=\"color: #33cccc;\"><em>1015,4<\/em><\/span><\/td>\n<td><span style=\"color: #33cccc;\"><em>hPa<\/em><\/span><\/td>\n<\/tr>\n<tr>\n<td><span style=\"color: #33cccc;\"><em>Max.<\/em><\/span><\/td>\n<td><span style=\"color: #33cccc;\"><em>1017,2<\/em><\/span><\/td>\n<td><span style=\"color: #33cccc;\"><em>hPa<\/em><\/span><\/td>\n<\/tr>\n<tr>\n<td><span style=\"color: #33cccc;\"><em>Vindriktning:<\/em><\/span><\/td>\n<td><span style=\"color: #33cccc;\"><em>Nordostlig.<\/em><\/span><\/td>\n<\/tr>\n<tr>\n<td><span style=\"color: #33cccc;\"><em>Vindhast.<\/em><\/span><\/td>\n<td><span style=\"color: #33cccc;\"><em>2<\/em><\/span><\/td>\n<td><span style=\"color: #33cccc;\"><em>m\/s<\/em><\/span><\/td>\n<\/tr>\n<tr>\n<td><span style=\"color: #33cccc;\"><em>Maxvind:<\/em><\/span><\/td>\n<td><span style=\"color: #33cccc;\"><em>6<\/em><\/span><\/td>\n<td><span style=\"color: #33cccc;\"><em>m\/s<\/em><\/span><\/td>\n<\/tr>\n<tr>\n<td><span style=\"color: #33cccc;\"><em>Nederb\u00f6rd:<\/em><\/span><\/td>\n<td><span style=\"color: #33cccc;\"><em>0<\/em><\/span><\/td>\n<td><span style=\"color: #33cccc;\"><em>mm<\/em><\/span><\/td>\n<\/tr>\n<\/tbody>\n<\/table>\n<p>&nbsp;<\/p>\n","protected":false},"excerpt":{"rendered":"<p>&nbsp; En mulen och gr\u00e5 dag, och ikv\u00e4ll har det b\u00f6rjat duggregna. Dagarna blir kortare snabbt nu tycker jag&#8230;idag b\u00f6rjade det skymma strax efter klockan 15, p\u00e5 grund av det mulna disiga v\u00e4dret. Loggat under tiden 20141111 kl.21.45 till 20141112 &hellip; <a href=\"https:\/\/jensgustafsson.se\/?p=4050\">Forts\u00e4tt l\u00e4sa <span class=\"meta-nav\">&rarr;<\/span><\/a><\/p>\n","protected":false},"author":1,"featured_media":0,"comment_status":"open","ping_status":"closed","sticky":false,"template":"","format":"standard","meta":{"footnotes":""},"categories":[10],"tags":[],"class_list":["post-4050","post","type-post","status-publish","format-standard","hentry","category-vaderdagbok-2013"],"_links":{"self":[{"href":"https:\/\/jensgustafsson.se\/index.php?rest_route=\/wp\/v2\/posts\/4050","targetHints":{"allow":["GET"]}}],"collection":[{"href":"https:\/\/jensgustafsson.se\/index.php?rest_route=\/wp\/v2\/posts"}],"about":[{"href":"https:\/\/jensgustafsson.se\/index.php?rest_route=\/wp\/v2\/types\/post"}],"author":[{"embeddable":true,"href":"https:\/\/jensgustafsson.se\/index.php?rest_route=\/wp\/v2\/users\/1"}],"replies":[{"embeddable":true,"href":"https:\/\/jensgustafsson.se\/index.php?rest_route=%2Fwp%2Fv2%2Fcomments&post=4050"}],"version-history":[{"count":1,"href":"https:\/\/jensgustafsson.se\/index.php?rest_route=\/wp\/v2\/posts\/4050\/revisions"}],"predecessor-version":[{"id":4051,"href":"https:\/\/jensgustafsson.se\/index.php?rest_route=\/wp\/v2\/posts\/4050\/revisions\/4051"}],"wp:attachment":[{"href":"https:\/\/jensgustafsson.se\/index.php?rest_route=%2Fwp%2Fv2%2Fmedia&parent=4050"}],"wp:term":[{"taxonomy":"category","embeddable":true,"href":"https:\/\/jensgustafsson.se\/index.php?rest_route=%2Fwp%2Fv2%2Fcategories&post=4050"},{"taxonomy":"post_tag","embeddable":true,"href":"https:\/\/jensgustafsson.se\/index.php?rest_route=%2Fwp%2Fv2%2Ftags&post=4050"}],"curies":[{"name":"wp","href":"https:\/\/api.w.org\/{rel}","templated":true}]}}