{"id":4359,"date":"2015-02-16T21:43:38","date_gmt":"2015-02-16T20:43:38","guid":{"rendered":"http:\/\/jensgustafsson.se\/?p=4359"},"modified":"2015-02-16T21:43:38","modified_gmt":"2015-02-16T20:43:38","slug":"mandag-26-februari-2015","status":"publish","type":"post","link":"https:\/\/jensgustafsson.se\/?p=4359","title":{"rendered":"M\u00e5ndag 26 februari 2015."},"content":{"rendered":"<p>&nbsp;<\/p>\n<p><span style=\"color: #33cccc;\"><em>En mulen, gr\u00e5 och kylig dag med en m\u00e5ttlig ostlig vind, som varit v\u00e4ldigt isig.<\/em><\/span><\/p>\n<p><span style=\"color: #33cccc;\"><em>V\u00e4derstationens logg fr\u00e5n 20150215 kl.20.00 till 20150216 kl.21.45:<\/em><\/span><\/p>\n<table width=\"324\">\n<tbody>\n<tr>\n<td width=\"191\"><span style=\"color: #33cccc;\"><em>Aktuell temp:<\/em><\/span><\/td>\n<td width=\"69\"><span style=\"color: #33cccc;\"><em>-0,2<\/em><\/span><\/td>\n<td width=\"64\"><span style=\"color: #33cccc;\"><em>\u00b0C<\/em><\/span><\/td>\n<\/tr>\n<tr>\n<td><span style=\"color: #33cccc;\"><em>Mintemp:<\/em><\/span><\/td>\n<td><span style=\"color: #33cccc;\"><em>-1,1<\/em><\/span><\/td>\n<td><span style=\"color: #33cccc;\"><em>\u00b0C<\/em><\/span><\/td>\n<\/tr>\n<tr>\n<td><span style=\"color: #33cccc;\"><em>Maxtemp:<\/em><\/span><\/td>\n<td><span style=\"color: #33cccc;\"><em>0,4<\/em><\/span><\/td>\n<td><span style=\"color: #33cccc;\"><em>\u00b0C<\/em><\/span><\/td>\n<\/tr>\n<tr>\n<td><span style=\"color: #33cccc;\"><em>Luftfuktigh:<\/em><\/span><\/td>\n<td><span style=\"color: #33cccc;\"><em>78<\/em><\/span><\/td>\n<td><span style=\"color: #33cccc;\"><em>%<\/em><\/span><\/td>\n<\/tr>\n<tr>\n<td><span style=\"color: #33cccc;\"><em>Min.<\/em><\/span><\/td>\n<td><span style=\"color: #33cccc;\"><em>77<\/em><\/span><\/td>\n<td><span style=\"color: #33cccc;\"><em>%<\/em><\/span><\/td>\n<\/tr>\n<tr>\n<td><span style=\"color: #33cccc;\"><em>Max.<\/em><\/span><\/td>\n<td><span style=\"color: #33cccc;\"><em>81<\/em><\/span><\/td>\n<td><span style=\"color: #33cccc;\"><em>%<\/em><\/span><\/td>\n<\/tr>\n<tr>\n<td><span style=\"color: #33cccc;\"><em>Lufttryck:<\/em><\/span><\/td>\n<td><span style=\"color: #33cccc;\"><em>1028,2<\/em><\/span><\/td>\n<td><span style=\"color: #33cccc;\"><em>hPa<\/em><\/span><\/td>\n<\/tr>\n<tr>\n<td><span style=\"color: #33cccc;\"><em>Min.<\/em><\/span><\/td>\n<td><span style=\"color: #33cccc;\"><em>1028,2<\/em><\/span><\/td>\n<td><span style=\"color: #33cccc;\"><em>hPa<\/em><\/span><\/td>\n<\/tr>\n<tr>\n<td><span style=\"color: #33cccc;\"><em>Max.<\/em><\/span><\/td>\n<td><span style=\"color: #33cccc;\"><em>1035,2<\/em><\/span><\/td>\n<td><span style=\"color: #33cccc;\"><em>hPa<\/em><\/span><\/td>\n<\/tr>\n<tr>\n<td><span style=\"color: #33cccc;\"><em>Vindriktning:<\/em><\/span><\/td>\n<td colspan=\"2\"><span style=\"color: #33cccc;\"><em>Sydostlig.<\/em><\/span><\/td>\n<\/tr>\n<tr>\n<td><span style=\"color: #33cccc;\"><em>Vindhast.<\/em><\/span><\/td>\n<td><span style=\"color: #33cccc;\"><em>3<\/em><\/span><\/td>\n<td><span style=\"color: #33cccc;\"><em>m\/s<\/em><\/span><\/td>\n<\/tr>\n<tr>\n<td><span style=\"color: #33cccc;\"><em>Maxvind:<\/em><\/span><\/td>\n<td><span style=\"color: #33cccc;\"><em>8<\/em><\/span><\/td>\n<td><span style=\"color: #33cccc;\"><em>m\/s<\/em><\/span><\/td>\n<\/tr>\n<tr>\n<td><span style=\"color: #33cccc;\"><em>Nederb\u00f6rd:<\/em><\/span><\/td>\n<td><span style=\"color: #33cccc;\"><em>0<\/em><\/span><\/td>\n<td><span style=\"color: #33cccc;\"><em>mm<\/em><\/span><\/td>\n<\/tr>\n<tr>\n<td><span style=\"color: #33cccc;\"><em>Sn\u00f6t\u00e4cke:<\/em><\/span><\/td>\n<td><span style=\"color: #33cccc;\"><em>ca 13\u00a0<\/em><\/span><\/td>\n<td><span style=\"color: #33cccc;\"><em>cm<\/em><\/span><\/td>\n<\/tr>\n<\/tbody>\n<\/table>\n<p>&nbsp;<\/p>\n","protected":false},"excerpt":{"rendered":"<p>&nbsp; En mulen, gr\u00e5 och kylig dag med en m\u00e5ttlig ostlig vind, som varit v\u00e4ldigt isig. V\u00e4derstationens logg fr\u00e5n 20150215 kl.20.00 till 20150216 kl.21.45: Aktuell temp: -0,2 \u00b0C Mintemp: -1,1 \u00b0C Maxtemp: 0,4 \u00b0C Luftfuktigh: 78 % Min. 77 % &hellip; <a href=\"https:\/\/jensgustafsson.se\/?p=4359\">Forts\u00e4tt l\u00e4sa <span class=\"meta-nav\">&rarr;<\/span><\/a><\/p>\n","protected":false},"author":1,"featured_media":0,"comment_status":"open","ping_status":"closed","sticky":false,"template":"","format":"standard","meta":{"footnotes":""},"categories":[10],"tags":[],"class_list":["post-4359","post","type-post","status-publish","format-standard","hentry","category-vaderdagbok-2013"],"_links":{"self":[{"href":"https:\/\/jensgustafsson.se\/index.php?rest_route=\/wp\/v2\/posts\/4359","targetHints":{"allow":["GET"]}}],"collection":[{"href":"https:\/\/jensgustafsson.se\/index.php?rest_route=\/wp\/v2\/posts"}],"about":[{"href":"https:\/\/jensgustafsson.se\/index.php?rest_route=\/wp\/v2\/types\/post"}],"author":[{"embeddable":true,"href":"https:\/\/jensgustafsson.se\/index.php?rest_route=\/wp\/v2\/users\/1"}],"replies":[{"embeddable":true,"href":"https:\/\/jensgustafsson.se\/index.php?rest_route=%2Fwp%2Fv2%2Fcomments&post=4359"}],"version-history":[{"count":1,"href":"https:\/\/jensgustafsson.se\/index.php?rest_route=\/wp\/v2\/posts\/4359\/revisions"}],"predecessor-version":[{"id":4360,"href":"https:\/\/jensgustafsson.se\/index.php?rest_route=\/wp\/v2\/posts\/4359\/revisions\/4360"}],"wp:attachment":[{"href":"https:\/\/jensgustafsson.se\/index.php?rest_route=%2Fwp%2Fv2%2Fmedia&parent=4359"}],"wp:term":[{"taxonomy":"category","embeddable":true,"href":"https:\/\/jensgustafsson.se\/index.php?rest_route=%2Fwp%2Fv2%2Fcategories&post=4359"},{"taxonomy":"post_tag","embeddable":true,"href":"https:\/\/jensgustafsson.se\/index.php?rest_route=%2Fwp%2Fv2%2Ftags&post=4359"}],"curies":[{"name":"wp","href":"https:\/\/api.w.org\/{rel}","templated":true}]}}