{"id":4361,"date":"2015-02-17T20:28:37","date_gmt":"2015-02-17T19:28:37","guid":{"rendered":"http:\/\/jensgustafsson.se\/?p=4361"},"modified":"2015-02-17T20:28:37","modified_gmt":"2015-02-17T19:28:37","slug":"tisdag-17-februari-2015","status":"publish","type":"post","link":"https:\/\/jensgustafsson.se\/?p=4361","title":{"rendered":"Tisdag 17 februari 2015."},"content":{"rendered":"<p>&nbsp;<\/p>\n<p><em>Molnen och det gr\u00e5a v\u00e4dret har \u00f6verv\u00e4gt idag ocks\u00e5, men det var lite ljusare en stund mitt p\u00e5 dagen, men inte s\u00e5 mycket att solen orkade lysa igenom, och vinden forts\u00e4tter vara v\u00e4ldigt isig, men ikv\u00e4ll har den vridit \u00f6ver mot v\u00e4st, och d\u00e4rmed tror jag nog att vi kan f\u00f6rv\u00e4nta oss lite mildare v\u00e4der.<\/em><\/p>\n<p><em>V\u00e4derstationens logg fr\u00e5n 20150216 kl.21.45 till 20150217 kl.20.30:<\/em><\/p>\n<table width=\"342\">\n<tbody>\n<tr>\n<td width=\"191\"><em>Aktuell temp:<\/em><\/td>\n<td width=\"87\"><em>0,8<\/em><\/td>\n<td width=\"64\"><em>\u00b0C<\/em><\/td>\n<\/tr>\n<tr>\n<td><em>Mintemp:<\/em><\/td>\n<td><em>-0,7<\/em><\/td>\n<td><em>\u00b0C<\/em><\/td>\n<\/tr>\n<tr>\n<td><em>Maxtemp:<\/em><\/td>\n<td><em>1,9<\/em><\/td>\n<td><em>\u00b0C<\/em><\/td>\n<\/tr>\n<tr>\n<td><em>Luftfuktigh:<\/em><\/td>\n<td><em>83<\/em><\/td>\n<td><em>%<\/em><\/td>\n<\/tr>\n<tr>\n<td><em>Min.<\/em><\/td>\n<td><em>74<\/em><\/td>\n<td><em>%<\/em><\/td>\n<\/tr>\n<tr>\n<td><em>Max.<\/em><\/td>\n<td><em>83<\/em><\/td>\n<td><em>%<\/em><\/td>\n<\/tr>\n<tr>\n<td><em>Lufttryck:<\/em><\/td>\n<td><em>1026,9<\/em><\/td>\n<td><em>hPa<\/em><\/td>\n<\/tr>\n<tr>\n<td><em>Min.<\/em><\/td>\n<td><em>1026,2<\/em><\/td>\n<td><em>hPa<\/em><\/td>\n<\/tr>\n<tr>\n<td><em>Max.<\/em><\/td>\n<td><em>1028,5<\/em><\/td>\n<td><em>hPa<\/em><\/td>\n<\/tr>\n<tr>\n<td><em>Vindriktning:<\/em><\/td>\n<td><em>Sydv\u00e4stlig.<\/em><\/td>\n<\/tr>\n<tr>\n<td><em>Vindhast.<\/em><\/td>\n<td><em>3<\/em><\/td>\n<td><em>m\/s<\/em><\/td>\n<\/tr>\n<tr>\n<td><em>Maxvind:<\/em><\/td>\n<td><em>8<\/em><\/td>\n<td><em>m\/s<\/em><\/td>\n<\/tr>\n<tr>\n<td><em>Nederb\u00f6rd:<\/em><\/td>\n<td><em>0<\/em><\/td>\n<td><em>mm<\/em><\/td>\n<\/tr>\n<tr>\n<td><em>Sn\u00f6t\u00e4cke:<\/em><\/td>\n<td><em>ca 12<\/em><\/td>\n<td><em>cm<\/em><\/td>\n<\/tr>\n<\/tbody>\n<\/table>\n<p>&nbsp;<\/p>\n","protected":false},"excerpt":{"rendered":"<p>&nbsp; Molnen och det gr\u00e5a v\u00e4dret har \u00f6verv\u00e4gt idag ocks\u00e5, men det var lite ljusare en stund mitt p\u00e5 dagen, men inte s\u00e5 mycket att solen orkade lysa igenom, och vinden forts\u00e4tter vara v\u00e4ldigt isig, men ikv\u00e4ll har den vridit &hellip; <a href=\"https:\/\/jensgustafsson.se\/?p=4361\">Forts\u00e4tt l\u00e4sa <span class=\"meta-nav\">&rarr;<\/span><\/a><\/p>\n","protected":false},"author":1,"featured_media":0,"comment_status":"open","ping_status":"closed","sticky":false,"template":"","format":"standard","meta":{"footnotes":""},"categories":[10],"tags":[],"class_list":["post-4361","post","type-post","status-publish","format-standard","hentry","category-vaderdagbok-2013"],"_links":{"self":[{"href":"https:\/\/jensgustafsson.se\/index.php?rest_route=\/wp\/v2\/posts\/4361","targetHints":{"allow":["GET"]}}],"collection":[{"href":"https:\/\/jensgustafsson.se\/index.php?rest_route=\/wp\/v2\/posts"}],"about":[{"href":"https:\/\/jensgustafsson.se\/index.php?rest_route=\/wp\/v2\/types\/post"}],"author":[{"embeddable":true,"href":"https:\/\/jensgustafsson.se\/index.php?rest_route=\/wp\/v2\/users\/1"}],"replies":[{"embeddable":true,"href":"https:\/\/jensgustafsson.se\/index.php?rest_route=%2Fwp%2Fv2%2Fcomments&post=4361"}],"version-history":[{"count":1,"href":"https:\/\/jensgustafsson.se\/index.php?rest_route=\/wp\/v2\/posts\/4361\/revisions"}],"predecessor-version":[{"id":4362,"href":"https:\/\/jensgustafsson.se\/index.php?rest_route=\/wp\/v2\/posts\/4361\/revisions\/4362"}],"wp:attachment":[{"href":"https:\/\/jensgustafsson.se\/index.php?rest_route=%2Fwp%2Fv2%2Fmedia&parent=4361"}],"wp:term":[{"taxonomy":"category","embeddable":true,"href":"https:\/\/jensgustafsson.se\/index.php?rest_route=%2Fwp%2Fv2%2Fcategories&post=4361"},{"taxonomy":"post_tag","embeddable":true,"href":"https:\/\/jensgustafsson.se\/index.php?rest_route=%2Fwp%2Fv2%2Ftags&post=4361"}],"curies":[{"name":"wp","href":"https:\/\/api.w.org\/{rel}","templated":true}]}}