{"id":4365,"date":"2015-02-19T22:10:23","date_gmt":"2015-02-19T21:10:23","guid":{"rendered":"http:\/\/jensgustafsson.se\/?p=4365"},"modified":"2015-02-19T22:11:22","modified_gmt":"2015-02-19T21:11:22","slug":"torsdag-19-februari-2015","status":"publish","type":"post","link":"https:\/\/jensgustafsson.se\/?p=4365","title":{"rendered":"Torsdag 19 februari 2015."},"content":{"rendered":"<p>&nbsp;<\/p>\n<p><span style=\"color: #33cccc;\"><em>\u00c4nnu en mulen och bl\u00e5sig dag. Den enda f\u00f6rdelen med bl\u00e5sten \u00e4r att tillsammans med plusgrader bl\u00e5ser den\u00a0bort sn\u00f6n ocks\u00e5, s\u00e5 bortsett fr\u00e5n lite plogvallar s\u00e5 \u00e4r det i princip barmark. <\/em><\/span><\/p>\n<p><span style=\"color: #33cccc;\"><em>V\u00e4derstationens logg fr\u00e5n 20150218 kl.19.00 till 20150219 kl.22.00:<\/em><\/span><\/p>\n<table width=\"325\">\n<tbody>\n<tr>\n<td width=\"191\"><span style=\"color: #33cccc;\"><em>Aktuell temp:<\/em><\/span><\/td>\n<td width=\"70\"><span style=\"color: #33cccc;\"><em>3,2<\/em><\/span><\/td>\n<td width=\"64\"><span style=\"color: #33cccc;\"><em>\u00b0C<\/em><\/span><\/td>\n<\/tr>\n<tr>\n<td><span style=\"color: #33cccc;\"><em>Mintemp:<\/em><\/span><\/td>\n<td><span style=\"color: #33cccc;\"><em>3,2<\/em><\/span><\/td>\n<td><span style=\"color: #33cccc;\"><em>\u00b0C<\/em><\/span><\/td>\n<\/tr>\n<tr>\n<td><span style=\"color: #33cccc;\"><em>Maxtemp:<\/em><\/span><\/td>\n<td><span style=\"color: #33cccc;\"><em>6,3<\/em><\/span><\/td>\n<td><span style=\"color: #33cccc;\"><em>\u00b0C<\/em><\/span><\/td>\n<\/tr>\n<tr>\n<td><span style=\"color: #33cccc;\"><em>Luftfuktigh:<\/em><\/span><\/td>\n<td><span style=\"color: #33cccc;\"><em>81<\/em><\/span><\/td>\n<td><span style=\"color: #33cccc;\"><em>%<\/em><\/span><\/td>\n<\/tr>\n<tr>\n<td><span style=\"color: #33cccc;\"><em>Min.<\/em><\/span><\/td>\n<td><span style=\"color: #33cccc;\"><em>81<\/em><\/span><\/td>\n<td><span style=\"color: #33cccc;\"><em>%<\/em><\/span><\/td>\n<\/tr>\n<tr>\n<td><span style=\"color: #33cccc;\"><em>Max.<\/em><\/span><\/td>\n<td><span style=\"color: #33cccc;\"><em>89<\/em><\/span><\/td>\n<td><span style=\"color: #33cccc;\"><em>%<\/em><\/span><\/td>\n<\/tr>\n<tr>\n<td><span style=\"color: #33cccc;\"><em>Lufttryck:<\/em><\/span><\/td>\n<td><span style=\"color: #33cccc;\"><em>1011,2<\/em><\/span><\/td>\n<td><span style=\"color: #33cccc;\"><em>hPa<\/em><\/span><\/td>\n<\/tr>\n<tr>\n<td><span style=\"color: #33cccc;\"><em>Min.<\/em><\/span><\/td>\n<td><span style=\"color: #33cccc;\"><em>1011,2<\/em><\/span><\/td>\n<td><span style=\"color: #33cccc;\"><em>hPa<\/em><\/span><\/td>\n<\/tr>\n<tr>\n<td><span style=\"color: #33cccc;\"><em>Max.<\/em><\/span><\/td>\n<td><span style=\"color: #33cccc;\"><em>1019,9<\/em><\/span><\/td>\n<td><span style=\"color: #33cccc;\"><em>hPa<\/em><\/span><\/td>\n<\/tr>\n<tr>\n<td><span style=\"color: #33cccc;\"><em>Vindriktning:<\/em><\/span><\/td>\n<td colspan=\"2\"><span style=\"color: #33cccc;\"><em>Sydv\u00e4stlig.<\/em><\/span><\/td>\n<\/tr>\n<tr>\n<td><span style=\"color: #33cccc;\"><em>Vindhast.<\/em><\/span><\/td>\n<td><span style=\"color: #33cccc;\"><em>4<\/em><\/span><\/td>\n<td><span style=\"color: #33cccc;\"><em>m\/s<\/em><\/span><\/td>\n<\/tr>\n<tr>\n<td><span style=\"color: #33cccc;\"><em>Maxvind:<\/em><\/span><\/td>\n<td><span style=\"color: #33cccc;\"><em>12<\/em><\/span><\/td>\n<td><span style=\"color: #33cccc;\"><em>m\/s<\/em><\/span><\/td>\n<\/tr>\n<tr>\n<td><span style=\"color: #33cccc;\"><em>Nederb\u00f6rd:<\/em><\/span><\/td>\n<td><span style=\"color: #33cccc;\"><em>0<\/em><\/span><\/td>\n<td><span style=\"color: #33cccc;\"><em>mm<\/em><\/span><\/td>\n<\/tr>\n<tr>\n<td><span style=\"color: #33cccc;\"><em>Sn\u00f6t\u00e4cke:<\/em><\/span><\/td>\n<td colspan=\"2\"><span style=\"color: #33cccc;\"><em>Inget sammanh\u00e4ngande.<\/em><\/span><\/td>\n<\/tr>\n<\/tbody>\n<\/table>\n<p>&nbsp;<\/p>\n","protected":false},"excerpt":{"rendered":"<p>&nbsp; \u00c4nnu en mulen och bl\u00e5sig dag. Den enda f\u00f6rdelen med bl\u00e5sten \u00e4r att tillsammans med plusgrader bl\u00e5ser den\u00a0bort sn\u00f6n ocks\u00e5, s\u00e5 bortsett fr\u00e5n lite plogvallar s\u00e5 \u00e4r det i princip barmark. V\u00e4derstationens logg fr\u00e5n 20150218 kl.19.00 till 20150219 kl.22.00: &hellip; <a href=\"https:\/\/jensgustafsson.se\/?p=4365\">Forts\u00e4tt l\u00e4sa <span class=\"meta-nav\">&rarr;<\/span><\/a><\/p>\n","protected":false},"author":1,"featured_media":0,"comment_status":"open","ping_status":"closed","sticky":false,"template":"","format":"standard","meta":{"footnotes":""},"categories":[10],"tags":[],"class_list":["post-4365","post","type-post","status-publish","format-standard","hentry","category-vaderdagbok-2013"],"_links":{"self":[{"href":"https:\/\/jensgustafsson.se\/index.php?rest_route=\/wp\/v2\/posts\/4365","targetHints":{"allow":["GET"]}}],"collection":[{"href":"https:\/\/jensgustafsson.se\/index.php?rest_route=\/wp\/v2\/posts"}],"about":[{"href":"https:\/\/jensgustafsson.se\/index.php?rest_route=\/wp\/v2\/types\/post"}],"author":[{"embeddable":true,"href":"https:\/\/jensgustafsson.se\/index.php?rest_route=\/wp\/v2\/users\/1"}],"replies":[{"embeddable":true,"href":"https:\/\/jensgustafsson.se\/index.php?rest_route=%2Fwp%2Fv2%2Fcomments&post=4365"}],"version-history":[{"count":2,"href":"https:\/\/jensgustafsson.se\/index.php?rest_route=\/wp\/v2\/posts\/4365\/revisions"}],"predecessor-version":[{"id":4367,"href":"https:\/\/jensgustafsson.se\/index.php?rest_route=\/wp\/v2\/posts\/4365\/revisions\/4367"}],"wp:attachment":[{"href":"https:\/\/jensgustafsson.se\/index.php?rest_route=%2Fwp%2Fv2%2Fmedia&parent=4365"}],"wp:term":[{"taxonomy":"category","embeddable":true,"href":"https:\/\/jensgustafsson.se\/index.php?rest_route=%2Fwp%2Fv2%2Fcategories&post=4365"},{"taxonomy":"post_tag","embeddable":true,"href":"https:\/\/jensgustafsson.se\/index.php?rest_route=%2Fwp%2Fv2%2Ftags&post=4365"}],"curies":[{"name":"wp","href":"https:\/\/api.w.org\/{rel}","templated":true}]}}