{"id":4519,"date":"2015-04-06T18:11:51","date_gmt":"2015-04-06T17:11:51","guid":{"rendered":"http:\/\/jensgustafsson.se\/?p=4519"},"modified":"2015-04-06T18:11:51","modified_gmt":"2015-04-06T17:11:51","slug":"mandag-annandag-pask-6-april-2015","status":"publish","type":"post","link":"https:\/\/jensgustafsson.se\/?p=4519","title":{"rendered":"M\u00e5ndag annandag p\u00e5sk 6 april 2015."},"content":{"rendered":"<p>&nbsp;<\/p>\n<p><span style=\"color: #33cccc;\"><em>P\u00e5 morgonen var det halvklart, men vid 8-tiden drog molnen igen sig totalt. Under eftermiddagen var det sedan v\u00e4xlande molnighet, solglimtar mellan molnen och lite kylig vind, annars har dagstemperaturen h\u00f6jt sig n\u00e5gra grader j\u00e4mf\u00f6rt med senaste dagarna.<\/em><\/span><\/p>\n<table width=\"465\">\n<tbody>\n<tr>\n<td width=\"191\"><span style=\"color: #33cccc;\"><em>Aktuell temp:<\/em><\/span><\/td>\n<td width=\"146\"><span style=\"color: #33cccc;\"><em>9,2<\/em><\/span><\/td>\n<td width=\"128\"><span style=\"color: #33cccc;\"><em>\u00b0C<\/em><\/span><\/td>\n<\/tr>\n<tr>\n<td><span style=\"color: #33cccc;\"><em>Mintemp:<\/em><\/span><\/td>\n<td><span style=\"color: #33cccc;\"><em>-0,2<\/em><\/span><\/td>\n<td><span style=\"color: #33cccc;\"><em>\u00b0C<\/em><\/span><\/td>\n<\/tr>\n<tr>\n<td><span style=\"color: #33cccc;\"><em>Maxtemp:<\/em><\/span><\/td>\n<td><span style=\"color: #33cccc;\"><em>11,4<\/em><\/span><\/td>\n<td><span style=\"color: #33cccc;\"><em>\u00b0C<\/em><\/span><\/td>\n<\/tr>\n<tr>\n<td><span style=\"color: #33cccc;\"><em>Luftfuktigh:<\/em><\/span><\/td>\n<td><span style=\"color: #33cccc;\"><em>56<\/em><\/span><\/td>\n<td><span style=\"color: #33cccc;\"><em>%.<\/em><\/span><\/td>\n<\/tr>\n<tr>\n<td><span style=\"color: #33cccc;\"><em>Min.<\/em><\/span><\/td>\n<td><span style=\"color: #33cccc;\"><em>48<\/em><\/span><\/td>\n<td><span style=\"color: #33cccc;\"><em>%.<\/em><\/span><\/td>\n<\/tr>\n<tr>\n<td><span style=\"color: #33cccc;\"><em>Max.<\/em><\/span><\/td>\n<td><span style=\"color: #33cccc;\"><em>88<\/em><\/span><\/td>\n<td><span style=\"color: #33cccc;\"><em>%.<\/em><\/span><\/td>\n<\/tr>\n<tr>\n<td><span style=\"color: #33cccc;\"><em>Lufttryck:<\/em><\/span><\/td>\n<td><span style=\"color: #33cccc;\"><em>1027,4<\/em><\/span><\/td>\n<td><span style=\"color: #33cccc;\"><em>hPa<\/em><\/span><\/td>\n<\/tr>\n<tr>\n<td><span style=\"color: #33cccc;\"><em>Min.<\/em><\/span><\/td>\n<td><span style=\"color: #33cccc;\"><em>1019<\/em><\/span><\/td>\n<td><span style=\"color: #33cccc;\"><em>hPa<\/em><\/span><\/td>\n<\/tr>\n<tr>\n<td><span style=\"color: #33cccc;\"><em>Max.<\/em><\/span><\/td>\n<td><span style=\"color: #33cccc;\"><em>1028,7<\/em><\/span><\/td>\n<td><span style=\"color: #33cccc;\"><em>hPa<\/em><\/span><\/td>\n<\/tr>\n<tr>\n<td><span style=\"color: #33cccc;\"><em>Vindriktning:<\/em><\/span><\/td>\n<td><span style=\"color: #33cccc;\"><em>V\u00e4stlig.<\/em><\/span><\/td>\n<\/tr>\n<tr>\n<td><span style=\"color: #33cccc;\"><em>Vindhast.<\/em><\/span><\/td>\n<td><span style=\"color: #33cccc;\"><em>1<\/em><\/span><\/td>\n<td><span style=\"color: #33cccc;\"><em>m\/s.<\/em><\/span><\/td>\n<\/tr>\n<tr>\n<td><span style=\"color: #33cccc;\"><em>Maxvind:<\/em><\/span><\/td>\n<td><span style=\"color: #33cccc;\"><em>5<\/em><\/span><\/td>\n<td><span style=\"color: #33cccc;\"><em>m\/s.<\/em><\/span><\/td>\n<\/tr>\n<tr>\n<td><span style=\"color: #33cccc;\"><em>Nederb\u00f6rd:<\/em><\/span><\/td>\n<td><span style=\"color: #33cccc;\"><em>0<\/em><\/span><\/td>\n<td><span style=\"color: #33cccc;\"><em>mm<\/em><\/span><\/td>\n<\/tr>\n<\/tbody>\n<\/table>\n<p>&nbsp;<\/p>\n","protected":false},"excerpt":{"rendered":"<p>&nbsp; P\u00e5 morgonen var det halvklart, men vid 8-tiden drog molnen igen sig totalt. Under eftermiddagen var det sedan v\u00e4xlande molnighet, solglimtar mellan molnen och lite kylig vind, annars har dagstemperaturen h\u00f6jt sig n\u00e5gra grader j\u00e4mf\u00f6rt med senaste dagarna. Aktuell &hellip; <a href=\"https:\/\/jensgustafsson.se\/?p=4519\">Forts\u00e4tt l\u00e4sa <span class=\"meta-nav\">&rarr;<\/span><\/a><\/p>\n","protected":false},"author":1,"featured_media":0,"comment_status":"open","ping_status":"closed","sticky":false,"template":"","format":"standard","meta":{"footnotes":""},"categories":[10],"tags":[],"class_list":["post-4519","post","type-post","status-publish","format-standard","hentry","category-vaderdagbok-2013"],"_links":{"self":[{"href":"https:\/\/jensgustafsson.se\/index.php?rest_route=\/wp\/v2\/posts\/4519","targetHints":{"allow":["GET"]}}],"collection":[{"href":"https:\/\/jensgustafsson.se\/index.php?rest_route=\/wp\/v2\/posts"}],"about":[{"href":"https:\/\/jensgustafsson.se\/index.php?rest_route=\/wp\/v2\/types\/post"}],"author":[{"embeddable":true,"href":"https:\/\/jensgustafsson.se\/index.php?rest_route=\/wp\/v2\/users\/1"}],"replies":[{"embeddable":true,"href":"https:\/\/jensgustafsson.se\/index.php?rest_route=%2Fwp%2Fv2%2Fcomments&post=4519"}],"version-history":[{"count":1,"href":"https:\/\/jensgustafsson.se\/index.php?rest_route=\/wp\/v2\/posts\/4519\/revisions"}],"predecessor-version":[{"id":4520,"href":"https:\/\/jensgustafsson.se\/index.php?rest_route=\/wp\/v2\/posts\/4519\/revisions\/4520"}],"wp:attachment":[{"href":"https:\/\/jensgustafsson.se\/index.php?rest_route=%2Fwp%2Fv2%2Fmedia&parent=4519"}],"wp:term":[{"taxonomy":"category","embeddable":true,"href":"https:\/\/jensgustafsson.se\/index.php?rest_route=%2Fwp%2Fv2%2Fcategories&post=4519"},{"taxonomy":"post_tag","embeddable":true,"href":"https:\/\/jensgustafsson.se\/index.php?rest_route=%2Fwp%2Fv2%2Ftags&post=4519"}],"curies":[{"name":"wp","href":"https:\/\/api.w.org\/{rel}","templated":true}]}}